{"id":51023,"date":"2018-01-23T13:59:59","date_gmt":"2018-01-23T18:59:59","guid":{"rendered":"https:\/\/www.ludwig-van.com\/montreal\/?p=51023"},"modified":"2018-01-23T13:59:59","modified_gmt":"2018-01-23T18:59:59","slug":"conservatoire-de-musique-dart-dramatique-quebec-lance-campagne-dadmission-2018-2019","status":"publish","type":"post","link":"https:\/\/www.ludwig-van.com\/montreal\/2018\/01\/23\/conservatoire-de-musique-dart-dramatique-quebec-lance-campagne-dadmission-2018-2019\/","title":{"rendered":"Le Conservatoire de musique et d&rsquo;art dramatique du Qu\u00e9bec lance sa campagne d\u2019admission 2018-2019"},"content":{"rendered":"<figure id=\"attachment_50005\" aria-describedby=\"caption-attachment-50005\" style=\"width: 1024px\" class=\"wp-caption aligncenter\"><img decoding=\"async\" loading=\"lazy\" class=\"size-full wp-image-50005\" src=\"https:\/\/www.ludwig-van.com\/montreal\/wp-content\/uploads\/sites\/3\/2017\/11\/Conservatoire_cr-Marc-Antoine-Fortin.jpg\" alt=\"Des jeunes chanteurs de l\u2019Atelier lyrique du Conservatoire de musique et d'art dramatique de Montr\u00e9al. (Cr\u00e9dit : Marc-Antoine Fortin)\" width=\"1024\" height=\"683\" srcset=\"https:\/\/www.ludwig-van.com\/montreal\/wp-content\/uploads\/sites\/3\/2017\/11\/Conservatoire_cr-Marc-Antoine-Fortin.jpg 1024w, https:\/\/www.ludwig-van.com\/montreal\/wp-content\/uploads\/sites\/3\/2017\/11\/Conservatoire_cr-Marc-Antoine-Fortin-300x200.jpg 300w, https:\/\/www.ludwig-van.com\/montreal\/wp-content\/uploads\/sites\/3\/2017\/11\/Conservatoire_cr-Marc-Antoine-Fortin-768x512.jpg 768w\" sizes=\"(max-width: 1024px) 100vw, 1024px\" \/><figcaption id=\"caption-attachment-50005\" class=\"wp-caption-text\">Des jeunes chanteurs de l\u2019Atelier lyrique du Conservatoire de musique et d&rsquo;art dramatique de Montr\u00e9al. (Cr\u00e9dit : Marc-Antoine Fortin)<\/figcaption><\/figure>\n<p style=\"text-align: center;\"><strong><em>Viens faire ton Conservatoire\u00a0!<\/em><\/strong><\/p>\n<p style=\"text-align: center;\"><strong>Le Conservatoire de musique et d\u2019art dramatique du Qu\u00e9bec lance sa campagne d\u2019admission 2018-2019<\/strong><\/p>\n<p><strong>\u00a0<\/strong><\/p>\n<p><strong>Montr\u00e9al, le 18 janvier 2018<\/strong> \u2014 Le Conservatoire de\u00a0musique et d\u2019art dramatique du Qu\u00e9bec, qui c\u00e9l\u00e8bre cette\u00a0ann\u00e9e son 75<sup>e<\/sup> anniversaire, lance sa campagne d\u2019admission pour la prochaine ann\u00e9e scolaire. Le\u00a0microsite <a href=\"http:\/\/entrezenscene.com\/\" target=\"_blank\" rel=\"noopener\">EntrezEnSc\u00e8ne.com<\/a> permet aux\u00a0jeunes artistes de talent de faire une demande d\u2019admission <strong>jusqu\u2019au\u00a01<sup>er<\/sup>\u00a0mars\u00a02018<\/strong>. Certains \u00e9tablissements acceptent des demandes tardives, en fonction des r\u00e9alit\u00e9s de\u00a0chaque r\u00e9gion.<\/p>\n<p>Sous le th\u00e8me \u00ab\u00a0Viens faire ton Conservatoire\u00a0! \u00bb, la campagne d\u2019admission 2018-2019 montre des \u00e9l\u00e8ves actuels ou de r\u00e9cents dipl\u00f4m\u00e9s en pleine action. Elle mise sur le plaisir de se d\u00e9passer pour faire \u00e9clore son\u00a0talent et sa passion.<\/p>\n<p>&nbsp;<\/p>\n<figure id=\"attachment_48666\" aria-describedby=\"caption-attachment-48666\" style=\"width: 1024px\" class=\"wp-caption aligncenter\"><img decoding=\"async\" loading=\"lazy\" class=\"size-full wp-image-48666\" src=\"https:\/\/www.ludwig-van.com\/montreal\/wp-content\/uploads\/sites\/3\/2017\/10\/Musiciens_Conservatoire_JimmiFrancoeur.jpg\" alt=\"Fond\u00e9 en 1942-1943 par Wilfrid Pelletier, le Conservatoire, dont la premi\u00e8re \u00e9cole \u00e9tait celle de Montr\u00e9al, a exerc\u00e9 une profonde influence sur l\u2019histoire et la vie musicales du Qu\u00e9bec. (Cr\u00e9dit: Jimmi Francoeur)\" width=\"1024\" height=\"683\" srcset=\"https:\/\/www.ludwig-van.com\/montreal\/wp-content\/uploads\/sites\/3\/2017\/10\/Musiciens_Conservatoire_JimmiFrancoeur.jpg 1024w, https:\/\/www.ludwig-van.com\/montreal\/wp-content\/uploads\/sites\/3\/2017\/10\/Musiciens_Conservatoire_JimmiFrancoeur-300x200.jpg 300w, https:\/\/www.ludwig-van.com\/montreal\/wp-content\/uploads\/sites\/3\/2017\/10\/Musiciens_Conservatoire_JimmiFrancoeur-768x512.jpg 768w\" sizes=\"(max-width: 1024px) 100vw, 1024px\" \/><figcaption id=\"caption-attachment-48666\" class=\"wp-caption-text\">Fond\u00e9 en 1942-1943 par Wilfrid Pelletier, le Conservatoire, dont la premi\u00e8re \u00e9cole \u00e9tait celle de Montr\u00e9al, a exerc\u00e9 une profonde influence sur l\u2019histoire et la vie musicales du Qu\u00e9bec. (Cr\u00e9dit: Jimmi Francoeur)<\/figcaption><\/figure>\n<p>Pour leur part, les jeunes musiciens du primaire et du secondaire, qui peuvent s\u2019inscrire au Conservatoire <strong>d\u00e8s\u00a0l\u2019\u00e2ge de 8 ans pour b\u00e9n\u00e9ficier d\u2019une<\/strong> <strong>formation musicale globale et gratuite<\/strong>, sont interpell\u00e9s avec le\u00a0slogan \u00ab\u00a0Viens jouer au Conservatoire\u00a0!\u00bb.<\/p>\n<p><strong>Une institution de formation sup\u00e9rieure en\u00a0arts de la sc\u00e8ne d\u00e9ploy\u00e9e \u00e0 travers le\u00a0Qu\u00e9bec<\/strong><\/p>\n<p>Faire son Conservatoire, c\u2019est se joindre \u00e0 plus de 900\u00a0\u00e9l\u00e8ves de\u00a0tous\u00a0\u00e2ges qui \u00e9tudient \u00e0 <strong>Gatineau, \u00e0 Montr\u00e9al, \u00e0 Qu\u00e9bec, \u00e0 Rimouski, \u00e0 Saguenay, \u00e0 Trois-Rivi\u00e8res et \u00e0\u00a0Val-d\u2019Or<\/strong>\u00a0; et c\u2019est \u00eatre entour\u00e9 au quotidien par une \u00e9quipe de professeurs chevronn\u00e9s, actifs sur\u00a0la\u00a0sc\u00e8ne artistique nationale et\u00a0internationale.<\/p>\n<p>Faire son\u00a0Conservatoire, c\u2019est aussi suivre la trace de chanteurs, interpr\u00e8tes, compositeurs, chefs\u00a0d\u2019orchestre, acteurs, sc\u00e9nographes, dramaturges, metteurs en sc\u00e8ne et cr\u00e9ateurs c\u00e9l\u00e8bres qui\u00a0ont\u00a0\u00e9tudi\u00e9 dans cette institution au cours des 75 derni\u00e8res ann\u00e9es. (Voir en annexe une liste d\u2019artistes de renom issus du\u00a0Conservatoire.)<br \/>\n<strong>Une formation de haut calibre et diversifi\u00e9e<\/strong><\/p>\n<p>Gr\u00e2ce \u00e0 son continuum de formation musicale unique en Am\u00e9rique\u00a0du\u00a0Nord, le\u00a0Conservatoire peut faire cheminer l\u2019\u00e9l\u00e8ve en <a href=\"http:\/\/www.conservatoire.gouv.qc.ca\/la-formation\/musique\/interpretation\/\">interpr\u00e9tation<\/a> dans <a href=\"http:\/\/www.conservatoire.gouv.qc.ca\/la-formation\/musique\/professeurs-et-disciplines\/\">21\u00a0disciplines instrumentales diff\u00e9rentes<\/a>, et ce, du niveau primaire \u00e0\u00a0la\u00a0ma\u00eetrise universitaire. Au niveau sup\u00e9rieur, le\u00a0chant, la\u00a0direction et <a href=\"http:\/\/www.conservatoire.gouv.qc.ca\/la-formation\/musique\/composition\/article\/ecriture-composition\">la\u00a0composition<\/a> sont \u00e9galement offerts. En art\u00a0dramatique, les formations en\u00a0<a href=\"http:\/\/www.conservatoire.gouv.qc.ca\/la-formation\/art-dramatique\/jeu\/jeu\/\">Jeu<\/a> et en\u00a0<a href=\"http:\/\/www.conservatoire.gouv.qc.ca\/la-formation\/art-dramatique\/scenographie\/\">Sc\u00e9nographie<\/a> sont de niveau du\u00a01<sup>er<\/sup> cycle universitaire, tandis que le programme de <a href=\"http:\/\/www.conservatoire.gouv.qc.ca\/la-formation\/art-dramatique\/mise-en-scene-et-creation\/\">Mise en\u00a0sc\u00e8ne et cr\u00e9ation<\/a> est de niveau du 2<sup>e<\/sup> cycle\u00a0universitaire.<\/p>\n<p>Le <a href=\"http:\/\/www.conservatoire.gouv.qc.ca\/\">site Web du Conservatoire<\/a> donne tous les d\u00e9tails sur chacune des 9 \u00e9coles du r\u00e9seau\u00a0: le\u00a0processus d\u2019admission, la pr\u00e9paration des auditions, les professeurs, le r\u00e9gime p\u00e9dagogique et les\u00a0droits de\u00a0scolarit\u00e9.<\/p>\n<p><strong>Contribuons \u00e0 l\u2019essor de la rel\u00e8ve artistique d\u2019ici\u00a0!<\/strong><\/p>\n<p>Le Conservatoire d\u00e9piste et propulse les artistes de la sc\u00e8ne culturelle d\u2019ici et d\u2019ailleurs depuis 75 ans. \u00c0\u00a0l\u2019occasion de sa campagne d\u2019admission 2018-2019, l\u2019institution invite tout un chacun \u00e0 convier les talents de\u00a0son entourage aux auditions d\u2019entr\u00e9e du Conservatoire. Encouragez les artistes de demain \u00e0 aller au bout de leurs r\u00eaves\u00a0; invitez-les \u00e0 remplir une demande d\u2019admission\u00a0sur le site <a href=\"http:\/\/entrezenscene.com\/\">EntrezEnSc\u00e8ne.com<\/a>.<\/p>\n<p>Partagez aussi les 3 capsules vid\u00e9o de la campagne d\u2019admission\u00a0:<\/p>\n<p><a href=\"https:\/\/www.facebook.com\/CMADQ\/videos\/1788080151202191\/\">\u00c9tudes sup\u00e9rieures en musique<\/a><\/p>\n<p><a href=\"https:\/\/www.facebook.com\/CMADQ\/videos\/1788082814535258\/\">\u00c9tudes sup\u00e9rieures en art dramatique<\/a><\/p>\n<p><a href=\"https:\/\/www.facebook.com\/CMADQ\/videos\/1788086614534878\/\">Programme pr\u00e9paratoire en musique<\/a><\/p>\n<p><strong>\u00c0 propos du Conservatoire de musique et d\u2019art dramatique du Qu\u00e9bec<\/strong><\/p>\n<p>Le Conservatoire de musique et d\u2019art dramatique du Qu\u00e9bec est une institution prestigieuse de formation sup\u00e9rieure en arts de la sc\u00e8ne fond\u00e9e par Wilfrid Pelletier en 1942. Fort d\u2019un personnel enseignant de haut calibre, le Conservatoire d\u00e9piste, soutient et propulse les jeunes talents d\u2019ici comme en t\u00e9moigne le rayonnement exceptionnel de ses dipl\u00f4m\u00e9s. Il est form\u00e9 de 9 \u00e9coles sp\u00e9cialis\u00e9es en musique et en art dramatique \u00e9tablies dans 7 villes\u00a0: Gatineau, Montr\u00e9al, Qu\u00e9bec, Rimouski, Saguenay, Trois-Rivi\u00e8res et Val-d\u2019Or.<\/p>\n<p>Les \u00e9tablissements qui le composent sont situ\u00e9s au c\u0153ur de la vie \u00e9ducative, culturelle et \u00e9conomique des\u00a0r\u00e9gions o\u00f9 ils sont implant\u00e9s. Ils offrent des milieux de vie et d\u2019\u00e9tudes \u00e0 \u00e9chelle humaine, parmi les plus riches et stimulants. On peut le suivre sur <a href=\"https:\/\/www.facebook.com\/CMADQ\/\">Facebook<\/a>, <a href=\"https:\/\/twitter.com\/Conservatoireqc?utm_campaign=newfollow20100823&amp;utm_content=profile&amp;utm_medium=email&amp;utm_source=follow\">Twitter<\/a> et <a href=\"https:\/\/www.youtube.com\/user\/ConservatoireQc\/featured\">Youtube<\/a>. <a href=\"http:\/\/www.conservatoire.gouv.qc.ca\">conservatoire.gouv.qc.ca<\/a><\/p>\n<p><strong>QUELQUES ARTISTES ISSUS DU CONSERVATOIRE<\/strong><\/p>\n<p><strong>En musique\u00a0:<\/strong><\/p>\n<p>Neil Chotem, Alexandre Da Costa, Fran\u00e7ois Dompierre, Michel Donato, Ang\u00e8le Dubeau, Maynard Ferguson, Marianne Fiset, Andr\u00e9 Gagnon, Karina Gauvin, Charles Richard-Hamelin, Marc Hervieux, Bernard Labadie, Jacques Lacombe, Robert Langevin, Marie-Nicole Lemieux, Marie-Jos\u00e9e Lord, B\u00e9atrice Martin (C\u0153ur de pirate), Pierre Mercure, Val\u00e9rie Milot,Yannick N\u00e9zet-S\u00e9guin, Catherine Perrin, Oscar Peterson, Joseph Rouleau, Jeff Stinco (Simple Plan), Diane Tell, Olivier Thouin, Alain Trudel, Claude Vivier.<\/p>\n<p><strong>En art dramatique\u00a0: <\/strong><\/p>\n<p>Denis Bernard, Isabelle Blais, C\u00e9line Bonnier, Raymond Bouchard, Sophie Cadieux, Normand Chouinard, Suzanne Cl\u00e9ment, Fabien Cloutier, Raymond Cloutier, Maxime Denomm\u00e9e, Cl\u00e9mence Desrochers, Anne Dorval, Sophie Faucher, Carl Fillion, H\u00e9l\u00e8ne Florent, Marie-Th\u00e9r\u00e8se Fortin, R\u00e9mi Girard, Vincent Graton, Robert Lalonde, \u00c8ve Landry, Gaston Lepage, Robert Lepage, Fran\u00e7ois L\u00e9tourneau, Alexis Martin, Albert Millaire, Pascale Montpetit, Luc Picard, Lorraine Pintal, \u00c9mile Proulx-Cloutier, Patrice Robitaille, Marie Tifo, Guylaine Tremblay, Catherine Trudeau, Louise Turcot.<\/p>\n<p><strong>\u00c0 LIRE AUSSI:<\/strong><\/p>\n<p><a href=\"https:\/\/www.ludwig-van.com\/montreal\/2017\/10\/12\/conservatoire-75-ans-de-vie-musicale-au-quebec\/\" target=\"_blank\" rel=\"noopener\">Conservatoire: 75 ans de vie musicale au Qu\u00e9bec.<\/a><\/p>\n<p><em>La publication de ce communiqu\u00e9 est un privil\u00e8ge r\u00e9serv\u00e9 aux membres de la communaut\u00e9 musicale de <\/em><strong>Ludwig van Montr\u00e9al<\/strong>.<em> Pour savoir comment devenir membre, \u00e9crivez-nous \u00e0 <\/em><strong>caroline@ludwig-van.com<\/strong><\/p>\n<p>&nbsp;<\/p>\n<p>&nbsp;<\/p>\n","protected":false},"excerpt":{"rendered":"<p>Le Conservatoire de musique et d\u2019art dramatique du Qu\u00e9bec, qui c\u00e9l\u00e8bre cette ann\u00e9e son 75e anniversaire, lance sa campagne d\u2019admission pour la prochaine ann\u00e9e scolaire. <\/p>\n","protected":false},"author":7,"featured_media":50005,"comment_status":"closed","ping_status":"closed","sticky":false,"template":"","format":"standard","meta":{"om_disable_all_campaigns":false,"jetpack_post_was_ever_published":false},"categories":[16745,10956,11944],"tags":[17604,17603,13237],"yst_prominent_words":[17597,15354,17596,17594,13223,10289,13221,17599,13232,13235,17602,13236,17598,17595,17601,9811,13229,13222,9838,17600],"acf":[],"jetpack_featured_media_url":"https:\/\/www.ludwig-van.com\/montreal\/wp-content\/uploads\/sites\/3\/2017\/11\/Conservatoire_cr-Marc-Antoine-Fortin.jpg","jetpack_sharing_enabled":true,"jetpack_shortlink":"https:\/\/wp.me\/p9bdYt-dgX","amp_enabled":true,"_links":{"self":[{"href":"https:\/\/www.ludwig-van.com\/montreal\/wp-json\/wp\/v2\/posts\/51023"}],"collection":[{"href":"https:\/\/www.ludwig-van.com\/montreal\/wp-json\/wp\/v2\/posts"}],"about":[{"href":"https:\/\/www.ludwig-van.com\/montreal\/wp-json\/wp\/v2\/types\/post"}],"author":[{"embeddable":true,"href":"https:\/\/www.ludwig-van.com\/montreal\/wp-json\/wp\/v2\/users\/7"}],"replies":[{"embeddable":true,"href":"https:\/\/www.ludwig-van.com\/montreal\/wp-json\/wp\/v2\/comments?post=51023"}],"version-history":[{"count":4,"href":"https:\/\/www.ludwig-van.com\/montreal\/wp-json\/wp\/v2\/posts\/51023\/revisions"}],"predecessor-version":[{"id":51027,"href":"https:\/\/www.ludwig-van.com\/montreal\/wp-json\/wp\/v2\/posts\/51023\/revisions\/51027"}],"wp:featuredmedia":[{"embeddable":true,"href":"https:\/\/www.ludwig-van.com\/montreal\/wp-json\/wp\/v2\/media\/50005"}],"wp:attachment":[{"href":"https:\/\/www.ludwig-van.com\/montreal\/wp-json\/wp\/v2\/media?parent=51023"}],"wp:term":[{"taxonomy":"category","embeddable":true,"href":"https:\/\/www.ludwig-van.com\/montreal\/wp-json\/wp\/v2\/categories?post=51023"},{"taxonomy":"post_tag","embeddable":true,"href":"https:\/\/www.ludwig-van.com\/montreal\/wp-json\/wp\/v2\/tags?post=51023"},{"taxonomy":"yst_prominent_words","embeddable":true,"href":"https:\/\/www.ludwig-van.com\/montreal\/wp-json\/wp\/v2\/yst_prominent_words?post=51023"}],"curies":[{"name":"wp","href":"https:\/\/api.w.org\/{rel}","templated":true}]}}