{"id":50876,"date":"2018-01-17T10:33:29","date_gmt":"2018-01-17T15:33:29","guid":{"rendered":"https:\/\/www.ludwig-van.com\/montreal\/?p=50876"},"modified":"2018-01-23T12:50:08","modified_gmt":"2018-01-23T17:50:08","slug":"cinq-grands-rendez-vous-pas-manquer-ecole-de-musique-schulich","status":"publish","type":"post","link":"https:\/\/www.ludwig-van.com\/montreal\/2018\/01\/17\/cinq-grands-rendez-vous-pas-manquer-ecole-de-musique-schulich\/","title":{"rendered":"Cinq grands rendez-vous \u00e0 ne pas manquer avec l&rsquo;\u00c9cole de musique Schulich"},"content":{"rendered":"<figure id=\"attachment_47903\" aria-describedby=\"caption-attachment-47903\" style=\"width: 1024px\" class=\"wp-caption aligncenter\"><img decoding=\"async\" loading=\"lazy\" class=\"size-full wp-image-47903\" src=\"https:\/\/www.ludwig-van.com\/montreal\/wp-content\/uploads\/sites\/3\/2017\/09\/MGSO-wide-shot-cred-Tam-Lan-Truong-2.jpg\" alt=\"L\u2019Orchestre symphonique de McGill est \u00e0 surveiller cette saison, tout comme sa programmation \u00e9clectique qui promet de belles d\u00e9couvertes musicales. (Cr\u00e9dit photo: Tam-Lan Truong)\" width=\"1024\" height=\"683\" srcset=\"https:\/\/www.ludwig-van.com\/montreal\/wp-content\/uploads\/sites\/3\/2017\/09\/MGSO-wide-shot-cred-Tam-Lan-Truong-2.jpg 1024w, https:\/\/www.ludwig-van.com\/montreal\/wp-content\/uploads\/sites\/3\/2017\/09\/MGSO-wide-shot-cred-Tam-Lan-Truong-2-300x200.jpg 300w, https:\/\/www.ludwig-van.com\/montreal\/wp-content\/uploads\/sites\/3\/2017\/09\/MGSO-wide-shot-cred-Tam-Lan-Truong-2-768x512.jpg 768w\" sizes=\"(max-width: 1024px) 100vw, 1024px\" \/><figcaption id=\"caption-attachment-47903\" class=\"wp-caption-text\">L\u2019Orchestre symphonique de McGill &#8211; \u00c9cole de musique Schulich &#8211; est \u00e0 surveiller cet hiver avec une programmation qui promet de grands moments de musique. (Cr\u00e9dit photo: Tam-Lan Truong)<\/figcaption><\/figure>\n<p>&nbsp;<\/p>\n<p style=\"text-align: center;\"><img decoding=\"async\" loading=\"lazy\" class=\"aligncenter size-full wp-image-47080\" src=\"https:\/\/www.ludwig-van.com\/montreal\/wp-content\/uploads\/sites\/3\/2017\/09\/MCGILL_LOGO-bg.jpg\" alt=\"\" width=\"1024\" height=\"229\" srcset=\"https:\/\/www.ludwig-van.com\/montreal\/wp-content\/uploads\/sites\/3\/2017\/09\/MCGILL_LOGO-bg.jpg 1024w, https:\/\/www.ludwig-van.com\/montreal\/wp-content\/uploads\/sites\/3\/2017\/09\/MCGILL_LOGO-bg-300x67.jpg 300w, https:\/\/www.ludwig-van.com\/montreal\/wp-content\/uploads\/sites\/3\/2017\/09\/MCGILL_LOGO-bg-768x172.jpg 768w\" sizes=\"(max-width: 1024px) 100vw, 1024px\" \/><\/p>\n<p><strong>Les \u00e9tudiants de l\u2019\u00c9cole de musique Schulich de<\/strong> l\u2019<a href=\"https:\/\/www.ludwig-van.com\/montreal\/directory\/schulich-mcgill\/\" target=\"_blank\" rel=\"noopener\">Universit\u00e9 McGill<\/a> <strong>ne manqueront pas d\u2019occasions de vivre des exp\u00e9riences de concert uniques et formatrices, cet hiver. Ils donnent rendez-vous au public pour cinq spectacles \u00e0 ne pas manquer, \u00e0 compter de cette semaine.<\/strong><\/p>\n<p>Le premier concert hivernal de l\u2019<strong>Orchestre symphonique de McGill<\/strong> aura lieu vendredi et samedi, sous la direction de <strong>Jean-Marie Zeitouni<\/strong>. En l\u2019absence de son directeur musical, <strong>Alexis Hauser<\/strong>, qui est en cong\u00e9 sabbatique, l\u2019orchestre est dirig\u00e9 cette ann\u00e9e par des chefs invit\u00e9s. C\u2019est une occasion r\u00eav\u00e9e, pour les \u00e9tudiants, d\u2019apprendre autrement gr\u00e2ce \u00e0 l\u2019enseignement de ces grands chefs.<\/p>\n<p>Pour ce premier <a href=\"https:\/\/www.ludwig-van.com\/montreal\/event\/ecole-de-musique-schulich-orchestre-symphonique-de-mcgill-4\/\" target=\"_blank\" rel=\"noopener\">concert<\/a>, on entendra le pianiste <strong>Timothy Ledger<\/strong>, laur\u00e9at du premier volet du <a href=\"https:\/\/www.mcgill.ca\/music\/student-resources\/competitions-awards\/concerto-competitions\" target=\"_blank\" rel=\"noopener\">Concours de concertos classiques de McGill <\/a>2017-2018. Il interpr\u00e9tera le Concerto pour piano no 1 de Beethoven. La Suite <em>Pulcinella<\/em>, de Stravinsky, et Symphonie no 41 <em>Jupiter<\/em>, de Mozart, compl\u00e8tent le programme de ce concert qui aura lieu \u00e0 la salle Pollack.<\/p>\n<p>&nbsp;<\/p>\n<figure id=\"attachment_47118\" aria-describedby=\"caption-attachment-47118\" style=\"width: 1024px\" class=\"wp-caption aligncenter\"><img decoding=\"async\" loading=\"lazy\" class=\"size-full wp-image-47118\" src=\"https:\/\/www.ludwig-van.com\/montreal\/wp-content\/uploads\/sites\/3\/2017\/09\/Kent-Nagano1.jpg\" alt=\"Kent Nagano (Photo: courtoisie de l'OSM)\" width=\"1024\" height=\"576\" srcset=\"https:\/\/www.ludwig-van.com\/montreal\/wp-content\/uploads\/sites\/3\/2017\/09\/Kent-Nagano1.jpg 1024w, https:\/\/www.ludwig-van.com\/montreal\/wp-content\/uploads\/sites\/3\/2017\/09\/Kent-Nagano1-300x169.jpg 300w, https:\/\/www.ludwig-van.com\/montreal\/wp-content\/uploads\/sites\/3\/2017\/09\/Kent-Nagano1-768x432.jpg 768w\" sizes=\"(max-width: 1024px) 100vw, 1024px\" \/><figcaption id=\"caption-attachment-47118\" class=\"wp-caption-text\">Kent Nagano (Photo: courtoisie de l&rsquo;OSM)<\/figcaption><\/figure>\n<p><strong>Concert avec Kent Nagano<\/strong><\/p>\n<p>Le 13 f\u00e9vrier, les \u00e9tudiants de l\u2019orchestre auront aussi la chance d\u2019\u00eatre dirig\u00e9s par nul autre que <strong>Kent Nagano<\/strong>, directeur artistique de l\u2019Orchestre symphonique de Montr\u00e9al, \u00e0 la <strong>Maison symphonique<\/strong>. Au programme\u00a0: <em>Siegfried-Idyll<\/em>, de Richard Wagner, <em>S\u00e9r\u00e9nade<\/em>, de Leonard Berstein, et la Symphonie no 1 de Robert Schumann.<\/p>\n<p>\u00ab\u00a0Ce sera une exp\u00e9rience fantastique pour les \u00e9tudiants d\u2019\u00eatre dirig\u00e9s par ces deux chefs, dit <strong>St\u00e9phane Lemelin<\/strong>, directeur du d\u00e9partement d\u2019interpr\u00e9tation de la facult\u00e9. Ce concert \u00e0 la Maison symphonique sera sans aucun doute un moment fort dans la vie acad\u00e9mique de nos \u00e9tudiants. Ils ont l\u2019habitude de la salle Pollack, beaucoup plus petite. Avec 90 musiciens, la sc\u00e8ne est vraiment bien remplie et le public est envelopp\u00e9 par la masse sonore.\u00a0\u00bb<\/p>\n<blockquote><p>\u00ab\u00a0L\u2019exp\u00e9rience de jouer dans une salle comme la Maison symphonique ou dans d\u2019autres grandes salles est toujours marquante pour les \u00e9tudiants, car cela leur permet de s\u2019entendre dans une acoustique diff\u00e9rente. C\u2019est tr\u00e8s formateur.\u00a0\u00bb &#8211; St\u00e9phane Lemelin<\/p><\/blockquote>\n<p>Le 7 avril, l&rsquo;Orchestre symphonique retrouve le Choeur universitaire de McGill, le Choeur de chambre Schulich et le Grand Choeur de McGill pour un grand concert. Ils pr\u00e9senteront Elijah, op. 70, de Mendelssohn, sous la direction de <strong>Jean-S\u00e9bastien Vall\u00e9e<\/strong>, <a href=\"https:\/\/www.mcgill.ca\/channels\/fr\/channels\/event\/orchestre-symphonique-de-mcgill-le-choeur-universitaire-de-mcgill-le-choeur-de-chambre-schulich-et-269069\" target=\"_blank\" rel=\"noopener\">\u00e0 l&rsquo;\u00c9glise Saint-Jean-Baptiste.<\/a><\/p>\n<p>En effet, en plus de son orchestre symphonique, l\u2019\u00e9cole abrite plusieurs choeurs, un orchestre baroque, un orchestre \u00e0 vent, un ensemble de musique contemporaine et un ensemble de jazz et de nombreuses formations de musique de chambre, ce qui permet aux jeunes musiciens de vivre des exp\u00e9riences tr\u00e8s vari\u00e9es.<\/p>\n<p>\u00ab La musique de chambre est vraiment au c\u0153ur de nos programmes, ajoute <strong>St\u00e9phane Lemelin<\/strong>. Nous avons des collaborations avec des partenaires externes tels que la <strong>Chapelle historique du Bon-Pasteur<\/strong>, qui pr\u00e9sente des concerts de nos \u00e9tudiants en musique de chambre ou en solo, ainsi qu\u2019avec des professeurs. \u00bb<\/p>\n<p>L\u2019\u00c9cole de musique Schulich compte environ 875 \u00e9tudiants r\u00e9partis sur les trois cycles d\u2019enseignement, dont environ 500 en interpr\u00e9tation.<\/p>\n<p>\u00ab\u00a0Une des qualit\u00e9s de l\u2019\u00c9cole de musique Schulich est que nous r\u00e9unissons sous un m\u00eame toit des forces exceptionnelles en interpr\u00e9tation, mais aussi dans tous les domaines de la recherche\u00a0: en musicologie, en th\u00e9orie et dans les technologies de la musique, o\u00f9 McGill est sans doute l\u2019un des endroits les plus reconnus en Am\u00e9rique du Nord. On offre \u00e0 nos \u00e9tudiants la possibilit\u00e9 d\u2019avoir une approche globale de la musique sous toutes ses formes.\u00a0\u00bb<\/p>\n<p>&nbsp;<\/p>\n<figure id=\"attachment_50787\" aria-describedby=\"caption-attachment-50787\" style=\"width: 1024px\" class=\"wp-caption aligncenter\"><img decoding=\"async\" loading=\"lazy\" class=\"size-full wp-image-50787\" src=\"https:\/\/www.ludwig-van.com\/montreal\/wp-content\/uploads\/sites\/3\/2018\/01\/Lucia-di-Lammermoor-web.jpg\" alt=\"La production de Lucia di Lammermoor d'Op\u00e9ra McGill sera pr\u00e9sent\u00e9e au Monument-National du\" width=\"1024\" height=\"561\" srcset=\"https:\/\/www.ludwig-van.com\/montreal\/wp-content\/uploads\/sites\/3\/2018\/01\/Lucia-di-Lammermoor-web.jpg 1024w, https:\/\/www.ludwig-van.com\/montreal\/wp-content\/uploads\/sites\/3\/2018\/01\/Lucia-di-Lammermoor-web-300x164.jpg 300w, https:\/\/www.ludwig-van.com\/montreal\/wp-content\/uploads\/sites\/3\/2018\/01\/Lucia-di-Lammermoor-web-768x421.jpg 768w\" sizes=\"(max-width: 1024px) 100vw, 1024px\" \/><figcaption id=\"caption-attachment-50787\" class=\"wp-caption-text\">La production de Lucia di Lammermoor d&rsquo;Op\u00e9ra McGill sera pr\u00e9sent\u00e9e au Monument-National du 26 au 28 janvier 2018.<\/figcaption><\/figure>\n<p><strong><em>Lucia<\/em> et <em>Candide<\/em> au programme d\u2019Op\u00e9ra McGill<\/strong><\/p>\n<p>Du 26 au 28 f\u00e9vrier, Op\u00e9ra McGill pr\u00e9sente <a href=\"https:\/\/www.ludwig-van.com\/montreal\/2018\/01\/13\/50740-opera-mc-gill-lucia-di-lammermoor\/\" target=\"_blank\" rel=\"noopener\"><em>Lucia di Lammermoor<\/em><\/a>, de Donizetti, au <a href=\"https:\/\/monumentnational.tuxedobillet.com\/Salle%20Ludger-Duvernay\/lucia-di-lammermoor-gaetano-donizetti\" target=\"_blank\" rel=\"noopener\">Monument-National<\/a>, avec trois chanteuses dans le r\u00f4le-titre et une double distribution pour les autres r\u00f4les, ainsi qu&rsquo;un ch\u0153ur de 30 chanteurs. Les trois sopranos qui feront tour \u00e0 tour Lucia sont Carolyn Beaudoin, Gina Hanzlik et Brittany Rae.<\/p>\n<p>&nbsp;<\/p>\n<div class=\"jetpack-video-wrapper\"><span class=\"embed-youtube\" style=\"text-align:center; display: block;\"><iframe loading=\"lazy\" class=\"youtube-player\" width=\"640\" height=\"360\" src=\"https:\/\/www.youtube.com\/embed\/SuCXe0wFG78?version=3&#038;rel=1&#038;showsearch=0&#038;showinfo=1&#038;iv_load_policy=1&#038;fs=1&#038;hl=fr-FR&#038;autohide=2&#038;wmode=transparent\" allowfullscreen=\"true\" style=\"border:0;\" sandbox=\"allow-scripts allow-same-origin allow-popups allow-presentation\"><\/iframe><\/span><\/div>\n<p>&nbsp;<\/p>\n<p>On nous promet une production romantique \u00e9voquant le surnaturel. Pour l\u2019occasion, l\u2019Orchestre symphonique de McGill sera dirig\u00e9 par <strong>Stephen Hargreaves<\/strong>.<\/p>\n<p>\u201cSi vous avez aim\u00e9 la s\u00e9rie <em>Outlander<\/em> ou le film <em>Rob Roy<\/em>, vous adorez cette production, dit <strong>Patrick Hansen<\/strong>, metteur en sc\u00e8ne et directeur d\u2019Op\u00e9ra McGill. <strong><em>Lucia di Lammermoor<\/em> <\/strong>est l\u2019un des plus grands op\u00e9ras jamais compos\u00e9s. C\u2019est un chef-d\u2019\u0153uvre, un joyau du r\u00e9pertoire bel canto. Le r\u00f4le-titre a une sc\u00e8ne de folie qui est l\u2019une des meilleures jamais \u00e9crites!\u00a0\u00bb<\/p>\n<p>Op\u00e9ra McGill est le plus vaste programme d\u2019op\u00e9ra au Canada, explique <strong>Patrick Hansen<\/strong>.<\/p>\n<blockquote><p>\u201cL\u2019an dernier, nous avons produit neuf op\u00e9ras diff\u00e9rents, dont cinq avec orchestre. Cela repr\u00e9sente plus de production que ce qui est offert par plusieurs programmes acad\u00e9miques, m\u00eame aux \u00c9tats-Unis.\u00a0\u00bb &#8211; Patrick Hansen<\/p><\/blockquote>\n<p>\u00ab\u00a0Op\u00e9ra McGill forme des \u00e9tudiants de premier et de deuxi\u00e8me cycle. Dans d\u2019autres \u00e9coles, seulement un petit nombre d\u2019\u00e9tudiants peuvent participer aux op\u00e9ras.\u00a0\u00bb<\/p>\n<p>Les productions sont une occasion exceptionnelle de vivre des exp\u00e9riences se rapprochant de la vie professionnelle.<\/p>\n<p>\u00ab\u00a0Nous mettons l\u2019emphase sur une pr\u00e9paration compl\u00e8te, ce qui inclut des r\u00e9p\u00e9titions de nature professionnelle pour que les \u00e9tudiants voient comment les metteurs en sc\u00e8ne, les chefs d\u2019orchestre et l\u2019\u00e9quipe de sc\u00e9nographie collaborent pour produire un op\u00e9ra, ajoute <strong>Patrick Hansen<\/strong>. Ce processus est beaucoup plus important que le r\u00e9sultat final, bien que nos productions soient tr\u00e8s excitantes! Nous esp\u00e9rons que les \u00e9tudiants d\u00e9veloppent une perspective nouvelle de tout ce qui fait partie de la cr\u00e9ation d\u2019un op\u00e9ra, et pas seulement de leur propre prestation.\u00a0\u00bb<\/p>\n<p>En mars, Op\u00e9ra McGill pr\u00e9sentera <strong><em>Candide<\/em><\/strong>, de <strong>Bernstein<\/strong>, \u00e0 la salle Pollack, dans le cadre du Festival Lisl Wirth bo\u00eete noire, du Festival B!NGE 2018 et du centenaire de Leonard Bernstein. Ce concert sera fait en collaboration avec l\u2019<strong>Orchestre de chambre McGill<\/strong> sous la direction de <strong>Boris Brott<\/strong>.<\/p>\n<p>\u201cPour <strong><em>Candide<\/em><\/strong>, nous retournons aux sources du mat\u00e9riel original en examinant attentivement les id\u00e9es de Voltaire, explique <strong>Patrick Hansen<\/strong>. Les chanteurs participeront \u00e0 toutes les sc\u00e8nes pour cr\u00e9er les environnements vari\u00e9s de l\u2019op\u00e9ra. C\u2019est une des plus belles partitions de Bernstein, et certainement \u00e0 ne pas manquer!\u00a0\u00bb<\/p>\n<p><strong>DATES \u00c0 RETENIR<\/strong><\/p>\n<p><strong>L\u2019Orchestre symphonique de McGill<\/strong> sous la direction de Jean-Marie Zeitouni, <a href=\"https:\/\/www.mcgill.ca\/music\/fr\/channels\/event\/orchestre-symphonique-de-mcgill-269061\" target=\"_blank\" rel=\"noopener\">19 et 20 janvier, 19 h 30, salle Pollack<\/a>. Le concert du 20 sera webdiffus\u00e9.<\/p>\n<p><strong>L\u2019Orchestre symphonique de McGill<\/strong> sous la direction de Kent Nagano, <a href=\"http:\/\/www.osm.ca\/fr\/concerts\/orchestre-symphonique-de-mcgill\/\" target=\"_blank\" rel=\"noopener\">13 f\u00e9vrier, 19 h 30, Maison symphonique<\/a>.<\/p>\n<p><strong><em>Elijah<\/em><\/strong>, avec l&rsquo;Orchestre symphonique de McGill, le Choeur universitaire de McGill, le Choeur de chambre Schulich et le Grand choeur de McGill, sous la direction de <strong>Jean-S\u00e9bastien Vall\u00e9e<\/strong>, <a href=\"https:\/\/www.mcgill.ca\/channels\/fr\/channels\/event\/orchestre-symphonique-de-mcgill-le-choeur-universitaire-de-mcgill-le-choeur-de-chambre-schulich-et-269069\" target=\"_blank\" rel=\"noopener\">7 avril, 19 h 30, \u00e9glise Saint-Jean-Baptiste<\/a>.<\/p>\n<p><em><strong>Lucia di Lammermoor<\/strong><\/em>, 26 et 27 janvier, <a href=\"https:\/\/monumentnational.tuxedobillet.com\/Salle%20Ludger-Duvernay\/lucia-di-lammermoor-gaetano-donizetti\" target=\"_blank\" rel=\"noopener\">19 h 30, 28 janvier, 14 h, Monument-National.<\/a><\/p>\n<p><em><strong>Candide<\/strong><\/em>, 23 et 24 mars, <a href=\"https:\/\/www.mcgill.ca\/music\/fr\/channels\/event\/opera-mcgill-candide-269300\" target=\"_blank\" rel=\"noopener\">19 h 30, 25 mars, 14 h, salle Pollack.<\/a> Une conf\u00e9rence pr\u00e9-concert sera pr\u00e9sent\u00e9e une heure avant.<\/p>\n<p><strong>VOUS AVEZ AIM\u00c9 CET ARTICLE? Lisez aussi:<\/strong><\/p>\n<p><a href=\"https:\/\/www.ludwig-van.com\/montreal\/2018\/01\/13\/50740-opera-mc-gill-lucia-di-lammermoor\/\" target=\"_blank\" rel=\"noopener\">Op\u00e9ra McGill pr\u00e9sente Lucia di Lammermoor<\/a><\/p>\n<p><a href=\"https:\/\/www.ludwig-van.com\/montreal\/2017\/09\/23\/critique-orchestre-symphonique-de-mcgill-decouvertes-talent-concert-inaugural\/\" target=\"_blank\" rel=\"noopener\">Orchestre symphonique de McGill: d\u00e9couvertes et talent au concert inaugural<\/a><\/p>\n<p><em>Cet article est un reportage commandit\u00e9 par l&rsquo;Universit\u00e9 McGill. Pour conna\u00eetre nos prix et modalit\u00e9s de contenu commandit\u00e9, \u00e9crivez nous \u00e0:<\/em> caroline@ludwig-van.com<\/p>\n<p>&nbsp;<\/p>\n<p>&nbsp;<\/p>\n<p>&nbsp;<\/p>\n<p>&nbsp;<\/p>\n","protected":false},"excerpt":{"rendered":"<p>Les \u00e9tudiants de l\u2019\u00c9cole de musique Schulich de l\u2019Universit\u00e9 McGill ne manqueront pas d\u2019occasions de vivre des exp\u00e9riences de concert uniques et formatrices, cet hiver. Ils donnent rendez-vous au public pour cinq spectacles \u00e0 ne pas manquer, \u00e0 compter de cette semaine.<\/p>\n","protected":false},"author":7,"featured_media":47903,"comment_status":"open","ping_status":"open","sticky":false,"template":"","format":"standard","meta":{"om_disable_all_campaigns":false,"jetpack_post_was_ever_published":false},"categories":[16745,10956,11009,10995],"tags":[17218,2015,11825,17219],"yst_prominent_words":[9863,17593,10383,17209,17134,10376,9808,11813,16172,7316,17592,17214,17212,17208,17213,17211,10385,17215,11814,17591],"acf":[],"jetpack_featured_media_url":"https:\/\/www.ludwig-van.com\/montreal\/wp-content\/uploads\/sites\/3\/2017\/09\/MGSO-wide-shot-cred-Tam-Lan-Truong-2.jpg","jetpack_sharing_enabled":true,"jetpack_shortlink":"https:\/\/wp.me\/p9bdYt-deA","amp_enabled":true,"_links":{"self":[{"href":"https:\/\/www.ludwig-van.com\/montreal\/wp-json\/wp\/v2\/posts\/50876"}],"collection":[{"href":"https:\/\/www.ludwig-van.com\/montreal\/wp-json\/wp\/v2\/posts"}],"about":[{"href":"https:\/\/www.ludwig-van.com\/montreal\/wp-json\/wp\/v2\/types\/post"}],"author":[{"embeddable":true,"href":"https:\/\/www.ludwig-van.com\/montreal\/wp-json\/wp\/v2\/users\/7"}],"replies":[{"embeddable":true,"href":"https:\/\/www.ludwig-van.com\/montreal\/wp-json\/wp\/v2\/comments?post=50876"}],"version-history":[{"count":8,"href":"https:\/\/www.ludwig-van.com\/montreal\/wp-json\/wp\/v2\/posts\/50876\/revisions"}],"predecessor-version":[{"id":51022,"href":"https:\/\/www.ludwig-van.com\/montreal\/wp-json\/wp\/v2\/posts\/50876\/revisions\/51022"}],"wp:featuredmedia":[{"embeddable":true,"href":"https:\/\/www.ludwig-van.com\/montreal\/wp-json\/wp\/v2\/media\/47903"}],"wp:attachment":[{"href":"https:\/\/www.ludwig-van.com\/montreal\/wp-json\/wp\/v2\/media?parent=50876"}],"wp:term":[{"taxonomy":"category","embeddable":true,"href":"https:\/\/www.ludwig-van.com\/montreal\/wp-json\/wp\/v2\/categories?post=50876"},{"taxonomy":"post_tag","embeddable":true,"href":"https:\/\/www.ludwig-van.com\/montreal\/wp-json\/wp\/v2\/tags?post=50876"},{"taxonomy":"yst_prominent_words","embeddable":true,"href":"https:\/\/www.ludwig-van.com\/montreal\/wp-json\/wp\/v2\/yst_prominent_words?post=50876"}],"curies":[{"name":"wp","href":"https:\/\/api.w.org\/{rel}","templated":true}]}}