{"id":50856,"date":"2018-01-15T18:19:37","date_gmt":"2018-01-15T23:19:37","guid":{"rendered":"https:\/\/www.ludwig-van.com\/montreal\/?p=50856"},"modified":"2018-01-15T20:22:07","modified_gmt":"2018-01-16T01:22:07","slug":"in-memoriam-compositeur-francois-morel-est-decede","status":"publish","type":"post","link":"https:\/\/www.ludwig-van.com\/montreal\/2018\/01\/15\/in-memoriam-compositeur-francois-morel-est-decede\/","title":{"rendered":"IN MEMORIAM | Le compositeur Fran\u00e7ois Morel est d\u00e9c\u00e9d\u00e9"},"content":{"rendered":"<figure id=\"attachment_50460\" aria-describedby=\"caption-attachment-50460\" style=\"width: 1024px\" class=\"wp-caption aligncenter\"><img decoding=\"async\" loading=\"lazy\" class=\"size-full wp-image-50460\" src=\"https:\/\/www.ludwig-van.com\/montreal\/wp-content\/uploads\/sites\/3\/2017\/12\/9-Francois_Morel-UniversiteLaval.jpg\" alt=\"Pionniers de la musique qu\u00e9b\u00e9coise: Fran\u00e7ois Morel. (Photo: Universit\u00e9 Laval)\" width=\"1024\" height=\"725\" srcset=\"https:\/\/www.ludwig-van.com\/montreal\/wp-content\/uploads\/sites\/3\/2017\/12\/9-Francois_Morel-UniversiteLaval.jpg 1024w, https:\/\/www.ludwig-van.com\/montreal\/wp-content\/uploads\/sites\/3\/2017\/12\/9-Francois_Morel-UniversiteLaval-300x212.jpg 300w, https:\/\/www.ludwig-van.com\/montreal\/wp-content\/uploads\/sites\/3\/2017\/12\/9-Francois_Morel-UniversiteLaval-768x544.jpg 768w\" sizes=\"(max-width: 1024px) 100vw, 1024px\" \/><figcaption id=\"caption-attachment-50460\" class=\"wp-caption-text\">Fran\u00e7ois Morel. (Photo: Universit\u00e9 Laval)<\/figcaption><\/figure>\n<p>Ludwig van Montr\u00e9al a appris que le compositeur qu\u00e9b\u00e9cois <strong>Fran\u00e7ois Morel<\/strong> est d\u00e9c\u00e9d\u00e9 hier \u00e0 l&rsquo;\u00e2ge de 91 ans, \u00e0 l&rsquo;H\u00f4pital de l&rsquo;Enfant-J\u00e9sus, \u00e0 Qu\u00e9bec.<\/p>\n<p>Toute nos condol\u00e9ances \u00e0 ses proches.<\/p>\n<p>N\u00e9 \u00e0 Montr\u00e9al en 1926, <strong>Fran\u00e7ois Morel, <\/strong>figure importante de la musique qu\u00e9b\u00e9coise, a \u00e9tudi\u00e9 au Conservatoire de musique du Qu\u00e9bec \u00e0 Montr\u00e9al, notamment aupr\u00e8s de <strong>Claude Champagne<\/strong>.<\/p>\n<p>Il a enseign\u00e9 \u00e0 l&rsquo;Universit\u00e9 Laval de 1979 \u00e0 1997, l&rsquo;auteure de ces lignes ayant eu l&rsquo;honneur de suivre quelques cours d&rsquo;analyse musicale avec lui. Elle se souviendra, entre autres, de la clart\u00e9 de ses explications et de l&rsquo;humour qu&rsquo;il mettait dans son enseignement.<\/p>\n<p>Parmi ses oeuvres, citons <em>L&rsquo;\u00c9toile noire<\/em>, cr\u00e9\u00e9e par l&rsquo;OSM en 1962, <em>Jeux<\/em> (1976), <em>Aux couleurs du ciel<\/em> (1988), \u00e9galement cr\u00e9\u00e9e par l&rsquo;OSM.<\/p>\n<div class=\"jetpack-video-wrapper\"><span class=\"embed-youtube\" style=\"text-align:center; display: block;\"><iframe loading=\"lazy\" class=\"youtube-player\" width=\"640\" height=\"360\" src=\"https:\/\/www.youtube.com\/embed\/w1ztWcXuTTQ?version=3&#038;rel=1&#038;showsearch=0&#038;showinfo=1&#038;iv_load_policy=1&#038;fs=1&#038;hl=fr-FR&#038;autohide=2&#038;wmode=transparent\" allowfullscreen=\"true\" style=\"border:0;\" sandbox=\"allow-scripts allow-same-origin allow-popups allow-presentation\"><\/iframe><\/span><\/div>\n<p>&nbsp;<\/p>\n<p>Parmi ses oeuvres les plus connues figurent aussi ses <em>Deux \u00e9tudes de sonorit\u00e9<\/em>, pour piano. La difficile <em>\u00c9tude de Sonorit\u00e9 no 2<\/em> \u00e9tait particuli\u00e8rement spectaculaire.<\/p>\n<p>&nbsp;<\/p>\n<div class=\"jetpack-video-wrapper\"><span class=\"embed-youtube\" style=\"text-align:center; display: block;\"><iframe loading=\"lazy\" class=\"youtube-player\" width=\"640\" height=\"360\" src=\"https:\/\/www.youtube.com\/embed\/bSgaaHUOpwE?version=3&#038;rel=1&#038;showsearch=0&#038;showinfo=1&#038;iv_load_policy=1&#038;fs=1&#038;hl=fr-FR&#038;autohide=2&#038;wmode=transparent\" allowfullscreen=\"true\" style=\"border:0;\" sandbox=\"allow-scripts allow-same-origin allow-popups allow-presentation\"><\/iframe><\/span><\/div>\n<p>Un service fun\u00e9raire aura lieu le 3 mars, \u00e0 15 h, \u00e0 la chapelle de la Maison Gomin. <a href=\"https:\/\/www.lepinecloutier.com\/necrologie-avis-de-deces\/49429-francois-morel\" target=\"_blank\" rel=\"noopener\">L&rsquo;avis de d\u00e9c\u00e8s est disponible ici. <\/a><\/p>\n<p>Extrait de l&rsquo;article <a href=\"https:\/\/www.ludwig-van.com\/montreal\/2017\/12\/28\/liszts-15-pionniers-musique-quebecoise\/\" target=\"_blank\" rel=\"noopener\">15 pionniers de la musique qu\u00e9b\u00e9coise \u00e0 red\u00e9couvrir<\/a>, par R\u00e9jean Beaucage, sur Fran\u00e7ois Morel:<\/p>\n<p>\u00ab\u00a0Cofondateur en 1956, avec Serge Garant, Otto Joachim et Jeanne Landry (pianiste et compositrice), du groupe <em>Musique de notre temps<\/em>, il avait pr\u00e9alablement particip\u00e9, avec Garant et Gilles Tremblay, \u00e0 l\u2019organisation de ce qui peut \u00eatre qualifi\u00e9 de premier concert de musique contemporaine \u00e0 Montr\u00e9al, le 1er mai 1954. Ayant re\u00e7u presque toute sa formation musicale au Conservatoire de musique de Montr\u00e9al (CMM), il a lui-m\u00eame enseign\u00e9 \u00e0 la Facult\u00e9 de musique de l\u2019Universit\u00e9 Laval \u00e0 Qu\u00e9bec de 1979 \u00e0 1997, en plus d\u2019y diriger l\u2019atelier de musique contemporaine.\u00a0\u00bb<\/p>\n<p><a href=\"http:\/\/www.encyclopediecanadienne.ca\/fr\/article\/morel-francois-1\/\" target=\"_blank\" rel=\"noopener\">L&rsquo;Encyclop\u00e9die canadienne relate plus en d\u00e9tails la carri\u00e8re de Fran\u00e7ois Morel<\/a>, qui \u00e9tait \u00e9galement pianiste.<\/p>\n<p>On peut \u00e9galement lire sa biographie sur la <a href=\"http:\/\/www.musiccentre.ca\/fr\/node\/37291\" target=\"_blank\" rel=\"noopener\">Vitrine des compositeurs<\/a> du Centre de musique canadienne.<\/p>\n<p><strong>\u00c0 LIRE AUSSI:<\/strong><\/p>\n<p><a href=\"https:\/\/www.ludwig-van.com\/montreal\/2017\/12\/28\/liszts-15-pionniers-musique-quebecoise\/\" target=\"_blank\" rel=\"noopener\">15 pionniers de la musique qu\u00e9b\u00e9coise \u00e0 red\u00e9couvrir<\/a><\/p>\n<p><a href=\"https:\/\/www.ludwig-van.com\/montreal\/2017\/12\/16\/liszts-16-pionnieres-de-la-musique-quebecoise-a-redecouvrir\/\" target=\"_blank\" rel=\"noopener\">16 pionni\u00e8res de la musique qu\u00e9b\u00e9coise \u00e0 red\u00e9couvrir<\/a><\/p>\n<p>&nbsp;<\/p>\n<p>&nbsp;<\/p>\n<p>&nbsp;<\/p>\n","protected":false},"excerpt":{"rendered":"<p>Ludwig van Montr\u00e9al a appris que le compositeur Fran\u00e7ois Morel est d\u00e9c\u00e9d\u00e9 hier \u00e0 l&rsquo;\u00e2ge de 91 ans, \u00e0 l&rsquo;H\u00f4pital de l&rsquo;Enfant-J\u00e9sus, \u00e0 Qu\u00e9bec. Toute nos condol\u00e9ances \u00e0 ses proches.<\/p>\n","protected":false},"author":51,"featured_media":50460,"comment_status":"open","ping_status":"open","sticky":false,"template":"","format":"standard","meta":{"om_disable_all_campaigns":false,"jetpack_post_was_ever_published":false},"categories":[16745,10992],"tags":[17158,16452,17157],"yst_prominent_words":[11223,17156,17155,17151,10289,17148,12076,13557,17152,10711,7694,13560,10213,16320,16970,16673,16672,9838,16676,16972],"acf":[],"jetpack_featured_media_url":"https:\/\/www.ludwig-van.com\/montreal\/wp-content\/uploads\/sites\/3\/2017\/12\/9-Francois_Morel-UniversiteLaval.jpg","jetpack_sharing_enabled":true,"jetpack_shortlink":"https:\/\/wp.me\/p9bdYt-deg","amp_enabled":true,"_links":{"self":[{"href":"https:\/\/www.ludwig-van.com\/montreal\/wp-json\/wp\/v2\/posts\/50856"}],"collection":[{"href":"https:\/\/www.ludwig-van.com\/montreal\/wp-json\/wp\/v2\/posts"}],"about":[{"href":"https:\/\/www.ludwig-van.com\/montreal\/wp-json\/wp\/v2\/types\/post"}],"author":[{"embeddable":true,"href":"https:\/\/www.ludwig-van.com\/montreal\/wp-json\/wp\/v2\/users\/51"}],"replies":[{"embeddable":true,"href":"https:\/\/www.ludwig-van.com\/montreal\/wp-json\/wp\/v2\/comments?post=50856"}],"version-history":[{"count":5,"href":"https:\/\/www.ludwig-van.com\/montreal\/wp-json\/wp\/v2\/posts\/50856\/revisions"}],"predecessor-version":[{"id":50866,"href":"https:\/\/www.ludwig-van.com\/montreal\/wp-json\/wp\/v2\/posts\/50856\/revisions\/50866"}],"wp:featuredmedia":[{"embeddable":true,"href":"https:\/\/www.ludwig-van.com\/montreal\/wp-json\/wp\/v2\/media\/50460"}],"wp:attachment":[{"href":"https:\/\/www.ludwig-van.com\/montreal\/wp-json\/wp\/v2\/media?parent=50856"}],"wp:term":[{"taxonomy":"category","embeddable":true,"href":"https:\/\/www.ludwig-van.com\/montreal\/wp-json\/wp\/v2\/categories?post=50856"},{"taxonomy":"post_tag","embeddable":true,"href":"https:\/\/www.ludwig-van.com\/montreal\/wp-json\/wp\/v2\/tags?post=50856"},{"taxonomy":"yst_prominent_words","embeddable":true,"href":"https:\/\/www.ludwig-van.com\/montreal\/wp-json\/wp\/v2\/yst_prominent_words?post=50856"}],"curies":[{"name":"wp","href":"https:\/\/api.w.org\/{rel}","templated":true}]}}