{"id":50751,"date":"2018-01-11T16:04:37","date_gmt":"2018-01-11T21:04:37","guid":{"rendered":"https:\/\/www.ludwig-van.com\/montreal\/?p=50751"},"modified":"2019-07-15T09:22:05","modified_gmt":"2019-07-15T13:22:05","slug":"video-valse-fleurs-art-cinetique","status":"publish","type":"post","link":"https:\/\/www.ludwig-van.com\/montreal\/2018\/01\/11\/video-valse-fleurs-art-cinetique\/","title":{"rendered":"VID\u00c9O | La Valse des fleurs comme vous ne l&rsquo;avez jamais vue! (oui, vue)"},"content":{"rendered":"<figure id=\"attachment_50752\" aria-describedby=\"caption-attachment-50752\" style=\"width: 1024px\" class=\"wp-caption aligncenter\"><img decoding=\"async\" loading=\"lazy\" class=\"size-full wp-image-50752\" src=\"https:\/\/www.ludwig-van.com\/montreal\/wp-content\/uploads\/sites\/3\/2018\/01\/Valse-des-fleurs-3-web.jpg\" alt=\"Cr\u00e9dit: DoodleChaos\" width=\"1024\" height=\"576\" srcset=\"https:\/\/www.ludwig-van.com\/montreal\/wp-content\/uploads\/sites\/3\/2018\/01\/Valse-des-fleurs-3-web.jpg 1024w, https:\/\/www.ludwig-van.com\/montreal\/wp-content\/uploads\/sites\/3\/2018\/01\/Valse-des-fleurs-3-web-300x169.jpg 300w, https:\/\/www.ludwig-van.com\/montreal\/wp-content\/uploads\/sites\/3\/2018\/01\/Valse-des-fleurs-3-web-768x432.jpg 768w\" sizes=\"(max-width: 1024px) 100vw, 1024px\" \/><figcaption id=\"caption-attachment-50752\" class=\"wp-caption-text\">Cr\u00e9dit: DoodleChaos<\/figcaption><\/figure>\n<p>Des billes, des bouts de bois, des aimants, des dominos et autres menus objets synchronis\u00e9s avec une pr\u00e9cision \u00e9tonnante sur la <em>Valse des fleurs<\/em>, de Tcha\u00efkovsky, fascinent tout le monde dans cette vid\u00e9o qui a \u00e9t\u00e9 pr\u00e8s de deux millions de fois jusqu&rsquo;\u00e0 maintenant.<\/p>\n<p>Le mini-film d&rsquo;animation a \u00e9t\u00e9 mis en ligne par la cha\u00eene YouTube \u00ab\u00a0<a href=\"https:\/\/www.youtube.com\/user\/DoodleChaos\" target=\"_blank\" rel=\"noopener\">DoodleChaos<\/a>\u00ab\u00a0, qui pr\u00e9sente une foule de vid\u00e9os amusantes et qui doivent demander un temps fou \u00e0 mettre au point. La cha\u00eene compte plus de 255 000 abonn\u00e9s. Plusieurs pi\u00e8ces de musique classique ont fait l&rsquo;objet de ce que les cr\u00e9ateurs de ces animations incroyables que leurs cr\u00e9ateurs qualifient d&rsquo;art cin\u00e9tique, dont <em>Dans l&rsquo;antre du roi de la montagne<\/em>\u00a0\u00bb de la suite Peer Gynt, de Grieg, et le <em>Danube bleu<\/em>, de Strauss.<\/p>\n<p>Et vive la cr\u00e9ativit\u00e9!<\/p>\n<div class=\"jetpack-video-wrapper\"><span class=\"embed-youtube\" style=\"text-align:center; display: block;\"><iframe loading=\"lazy\" class=\"youtube-player\" width=\"640\" height=\"360\" src=\"https:\/\/www.youtube.com\/embed\/GCTyFp0PpHE?version=3&#038;rel=1&#038;showsearch=0&#038;showinfo=1&#038;iv_load_policy=1&#038;fs=1&#038;hl=fr-FR&#038;autohide=2&#038;wmode=transparent\" allowfullscreen=\"true\" style=\"border:0;\" sandbox=\"allow-scripts allow-same-origin allow-popups allow-presentation\"><\/iframe><\/span><\/div>\n<p>&nbsp;<\/p>\n<p>&nbsp;<\/p>\n<h2>LIRE AUSSI:<\/h2>\n<blockquote class=\"wp-embedded-content\" data-secret=\"tBuEDFHBvz\"><p><a href=\"https:\/\/www.ludwig-van.com\/montreal\/2019\/07\/10\/60337\/\">LISZT | Quinze Enfants prodiges de l&rsquo;histoire de la musique<\/a><\/p><\/blockquote>\n<p><iframe class=\"wp-embedded-content\" sandbox=\"allow-scripts\" security=\"restricted\" style=\"position: absolute; clip: rect(1px, 1px, 1px, 1px);\" src=\"https:\/\/www.ludwig-van.com\/montreal\/2019\/07\/10\/60337\/embed\/#?secret=tBuEDFHBvz\" data-secret=\"tBuEDFHBvz\" width=\"600\" height=\"338\" title=\"\u00ab\u00a0LISZT | Quinze Enfants prodiges de l&rsquo;histoire de la musique\u00a0\u00bb &#8212; Ludwig Van Montreal\" frameborder=\"0\" marginwidth=\"0\" marginheight=\"0\" scrolling=\"no\"><\/iframe><\/p>\n<p>&nbsp;<\/p>\n<p>&nbsp;<\/p>\n<p>&nbsp;<\/p>\n","protected":false},"excerpt":{"rendered":"<p>Des billes, des bouts de bois, des aimants, des dominos et autres menus objets synchronis\u00e9s avec une pr\u00e9cision \u00e9tonnante sur la Valse des fleurs, de Tcha\u00efkovsky, fascinent tout le monde dans une vid\u00e9o mise en ligne il y a deux jours et qui est en train de devenir virale.<\/p>\n","protected":false},"author":7,"featured_media":50752,"comment_status":"open","ping_status":"open","sticky":false,"template":"","format":"standard","meta":{"om_disable_all_campaigns":false,"jetpack_post_was_ever_published":false},"categories":[16745,11005],"tags":[17056,3244,17057],"yst_prominent_words":[12883,18299,17055],"acf":[],"jetpack_featured_media_url":"https:\/\/www.ludwig-van.com\/montreal\/wp-content\/uploads\/sites\/3\/2018\/01\/Valse-des-fleurs-3-web.jpg","jetpack_sharing_enabled":true,"jetpack_shortlink":"https:\/\/wp.me\/p9bdYt-dcz","amp_enabled":true,"_links":{"self":[{"href":"https:\/\/www.ludwig-van.com\/montreal\/wp-json\/wp\/v2\/posts\/50751"}],"collection":[{"href":"https:\/\/www.ludwig-van.com\/montreal\/wp-json\/wp\/v2\/posts"}],"about":[{"href":"https:\/\/www.ludwig-van.com\/montreal\/wp-json\/wp\/v2\/types\/post"}],"author":[{"embeddable":true,"href":"https:\/\/www.ludwig-van.com\/montreal\/wp-json\/wp\/v2\/users\/7"}],"replies":[{"embeddable":true,"href":"https:\/\/www.ludwig-van.com\/montreal\/wp-json\/wp\/v2\/comments?post=50751"}],"version-history":[{"count":6,"href":"https:\/\/www.ludwig-van.com\/montreal\/wp-json\/wp\/v2\/posts\/50751\/revisions"}],"predecessor-version":[{"id":60397,"href":"https:\/\/www.ludwig-van.com\/montreal\/wp-json\/wp\/v2\/posts\/50751\/revisions\/60397"}],"wp:featuredmedia":[{"embeddable":true,"href":"https:\/\/www.ludwig-van.com\/montreal\/wp-json\/wp\/v2\/media\/50752"}],"wp:attachment":[{"href":"https:\/\/www.ludwig-van.com\/montreal\/wp-json\/wp\/v2\/media?parent=50751"}],"wp:term":[{"taxonomy":"category","embeddable":true,"href":"https:\/\/www.ludwig-van.com\/montreal\/wp-json\/wp\/v2\/categories?post=50751"},{"taxonomy":"post_tag","embeddable":true,"href":"https:\/\/www.ludwig-van.com\/montreal\/wp-json\/wp\/v2\/tags?post=50751"},{"taxonomy":"yst_prominent_words","embeddable":true,"href":"https:\/\/www.ludwig-van.com\/montreal\/wp-json\/wp\/v2\/yst_prominent_words?post=50751"}],"curies":[{"name":"wp","href":"https:\/\/api.w.org\/{rel}","templated":true}]}}