{"id":50743,"date":"2018-01-11T10:21:50","date_gmt":"2018-01-11T15:21:50","guid":{"rendered":"https:\/\/www.ludwig-van.com\/montreal\/?p=50743"},"modified":"2018-01-11T10:25:30","modified_gmt":"2018-01-11T15:25:30","slug":"nouvelles-dutoit-demissionne-du-royal-philharmonic-et-autres-nouvelles-en-musique-classique","status":"publish","type":"post","link":"https:\/\/www.ludwig-van.com\/montreal\/2018\/01\/11\/nouvelles-dutoit-demissionne-du-royal-philharmonic-et-autres-nouvelles-en-musique-classique\/","title":{"rendered":"NOUVELLES | Dutoit d\u00e9missionne du Royal Philharmonic et autres nouvelles en musique classique"},"content":{"rendered":"<figure id=\"attachment_50520\" aria-describedby=\"caption-attachment-50520\" style=\"width: 842px\" class=\"wp-caption aligncenter\"><img decoding=\"async\" loading=\"lazy\" class=\"size-full wp-image-50520\" src=\"https:\/\/www.ludwig-van.com\/montreal\/wp-content\/uploads\/sites\/3\/2017\/12\/1718_Dutoit_Bolero_1684x936.jpg\" alt=\"Charles Dutoit. (Photo: courtoisie)\" width=\"842\" height=\"468\" srcset=\"https:\/\/www.ludwig-van.com\/montreal\/wp-content\/uploads\/sites\/3\/2017\/12\/1718_Dutoit_Bolero_1684x936.jpg 842w, https:\/\/www.ludwig-van.com\/montreal\/wp-content\/uploads\/sites\/3\/2017\/12\/1718_Dutoit_Bolero_1684x936-300x167.jpg 300w, https:\/\/www.ludwig-van.com\/montreal\/wp-content\/uploads\/sites\/3\/2017\/12\/1718_Dutoit_Bolero_1684x936-768x427.jpg 768w\" sizes=\"(max-width: 842px) 100vw, 842px\" \/><figcaption id=\"caption-attachment-50520\" class=\"wp-caption-text\">Charles Dutoit. (Photo: courtoisie)<\/figcaption><\/figure>\n<p>M\u00eame en cette p\u00e9riode de \u00ab\u00a0slow news\u00a0\u00bb de d\u00e9but d&rsquo;ann\u00e9e, il se passe toujours quelque chose dans le merveilleux monde de la musique classique. Notre bulletin hebdomadaire du jeudi reprend donc du service! Bonne ann\u00e9e 2018.<\/p>\n<p><strong>D\u00e9mission de Dutoit \u00e0 Londres<\/strong><\/p>\n<p><strong>Charles Dutoit<\/strong> a annonc\u00e9 hier qu&rsquo;il quittait son poste de directeur artistique du <strong>Royal Philharmonic Orchestra de Londres<\/strong>. Ce d\u00e9part est \u00e9videmment li\u00e9 aux <a href=\"https:\/\/www.ludwig-van.com\/montreal\/2017\/12\/21\/nouvelles-quatre-femmes-accusent-charles-dutoit-dinconduites-sexuelles\/\" target=\"_blank\" rel=\"noopener\">nombreuses all\u00e9gations d&rsquo;inconduite sexuelle <\/a>et m\u00eame d&rsquo;agressions qui p\u00e8sent sur lui, r\u00e9v\u00e9l\u00e9es en d\u00e9cembre par un article de l&rsquo;Associated Press. Depuis, le chef d&rsquo;orchestre a perdu la plupart de ses mandats importants et plusieurs orchestres ont annul\u00e9 sa pr\u00e9sence comme chef invit\u00e9. D&rsquo;autre part, l&rsquo;Orchestre symphonique de Montr\u00e9al, o\u00f9 il a oeuvr\u00e9 de 1977 \u00e0 2002, a <a href=\"https:\/\/www.ludwig-van.com\/montreal\/2017\/12\/23\/nouvelle-losm-plainte-lance-enquete-charles-dutoit\/\" target=\"_blank\" rel=\"noopener\">ouvert une enqu\u00eate apr\u00e8s avoir re\u00e7u une plainte d&rsquo;une victime<\/a>, le 22 d\u00e9cembre.<\/p>\n<p>&nbsp;<\/p>\n<figure id=\"attachment_50092\" aria-describedby=\"caption-attachment-50092\" style=\"width: 1024px\" class=\"wp-caption aligncenter\"><img decoding=\"async\" loading=\"lazy\" class=\"size-full wp-image-50092\" src=\"https:\/\/www.ludwig-van.com\/montreal\/wp-content\/uploads\/sites\/3\/2017\/12\/Contrebasses-OM-Fran\u00e7oisGoupil-web.jpg\" alt=\"Les contrebassistes de l'Orchestre M\u00e9tropolitain. (Cr\u00e9dit: Fran\u00e7ois Goupil)\" width=\"1024\" height=\"792\" srcset=\"https:\/\/www.ludwig-van.com\/montreal\/wp-content\/uploads\/sites\/3\/2017\/12\/Contrebasses-OM-Fran\u00e7oisGoupil-web.jpg 1024w, https:\/\/www.ludwig-van.com\/montreal\/wp-content\/uploads\/sites\/3\/2017\/12\/Contrebasses-OM-Fran\u00e7oisGoupil-web-300x232.jpg 300w, https:\/\/www.ludwig-van.com\/montreal\/wp-content\/uploads\/sites\/3\/2017\/12\/Contrebasses-OM-Fran\u00e7oisGoupil-web-768x594.jpg 768w\" sizes=\"(max-width: 1024px) 100vw, 1024px\" \/><figcaption id=\"caption-attachment-50092\" class=\"wp-caption-text\">Les contrebassistes de l&rsquo;Orchestre M\u00e9tropolitain. (Cr\u00e9dit: Fran\u00e7ois Goupil)<\/figcaption><\/figure>\n<p><strong>L&rsquo;OM finaliste au Grand Prix du Conseil des arts de Montr\u00e9al<\/strong><\/p>\n<p>Le Conseil des arts de Montr\u00e9al a annonc\u00e9 les finalistes de son 33e Grand Prix, qui sera remis le 29 mars. Ce prix est attribu\u00e9 \u00e0 un organisme qui a contribu\u00e9 de fa\u00e7on exceptionnelle au rayonnement artistique de Montr\u00e9al. Il va sans dire que la nomination de l&rsquo;Orchestre M\u00e9tropolitain est li\u00e9e <a href=\"https:\/\/www.ludwig-van.com\/montreal\/2017\/12\/04\/orchestre-metropolitain-lemouvante-finale-dune-tournee-sur-les-ailes-de-la-musique\/\" target=\"_blank\" rel=\"noopener\">au succ\u00e8s de sa tourn\u00e9e europ\u00e9enne<\/a> de l&rsquo;automne dernier. Les autres finalistes sont: 100Lux, l&rsquo;ATSA | Quand l&rsquo;art passe \u00e0 l&rsquo;action; les \u00c9ditions du remue-m\u00e9nage, Phi Muse, les Productions Porte Parole et Champ gauche, SBC Galerie d&rsquo;art contemporaine, et le Wapikoni mobile. Chacun des finalistes recevra une bourse de 5000 $ et l&rsquo;organisme laur\u00e9at recevra 30 000 $ ainsi qu&rsquo;une oeuvre command\u00e9e \u00e0 un artiste de Montr\u00e9al. <a href=\"https:\/\/www.artsmontreal.org\/fr\/nouvelles\/2018-01-09\/finalistes\" target=\"_blank\" rel=\"noopener\">Plus de d\u00e9tails ici. <\/a><\/p>\n<p>&nbsp;<\/p>\n<div class=\"jetpack-video-wrapper\"><span class=\"embed-youtube\" style=\"text-align:center; display: block;\"><iframe loading=\"lazy\" class=\"youtube-player\" width=\"640\" height=\"360\" src=\"https:\/\/www.youtube.com\/embed\/XVqVs_eAN5k?version=3&#038;rel=1&#038;showsearch=0&#038;showinfo=1&#038;iv_load_policy=1&#038;fs=1&#038;hl=fr-FR&#038;autohide=2&#038;wmode=transparent\" allowfullscreen=\"true\" style=\"border:0;\" sandbox=\"allow-scripts allow-same-origin allow-popups allow-presentation\"><\/iframe><\/span><\/div>\n<p><strong>Un film sur la surdit\u00e9 de Beethoven pr\u00e9sent\u00e9 \u00e0 McGill<\/strong><\/p>\n<p>Le documentaire <a href=\"https:\/\/www.youtube.com\/watch?v=XVqVs_eAN5k\" target=\"_blank\" rel=\"noopener\">Inside the hearing machine <\/a>sera pr\u00e9sent\u00e9 \u00e0 la salle Clara Liechtenstein de l&rsquo;\u00c9cole de musique Schulich demain soir, vendredi 12 janvier, \u00e0 19 h 30. Deux professeurs de McGill, Tom Beghin et Martha di Francisco, ont particip\u00e9 \u00e0 ce projet et seront pr\u00e9sents. Le film parle de la surdit\u00e9 de Beethoven au moment o\u00f9 il re\u00e7ut en cadeau un piano Broadwood. Il \u00e9tait alors en train de composer sa sonate Hammerklavier. Plus tard, il eut l&rsquo;id\u00e9e de faire fabriquer une machine pour l&rsquo;aider \u00e0 mieux entendre, une sorte de cornet acoustique g\u00e9ant install\u00e9 sur l&rsquo;instrument. C&rsquo;est le th\u00e8me explor\u00e9 par ce documentaire de l&rsquo;<a href=\"http:\/\/www.orpheusinstituut.be\/en\" target=\"_blank\" rel=\"noopener\">Orpheus Instituute. <\/a><\/p>\n<p>&nbsp;<\/p>\n<div class=\"jetpack-video-wrapper\"><span class=\"embed-youtube\" style=\"text-align:center; display: block;\"><iframe loading=\"lazy\" class=\"youtube-player\" width=\"640\" height=\"360\" src=\"https:\/\/www.youtube.com\/embed\/XJDtpaqYYew?version=3&#038;rel=1&#038;showsearch=0&#038;showinfo=1&#038;iv_load_policy=1&#038;fs=1&#038;hl=fr-FR&#038;autohide=2&#038;wmode=transparent\" allowfullscreen=\"true\" style=\"border:0;\" sandbox=\"allow-scripts allow-same-origin allow-popups allow-presentation\"><\/iframe><\/span><\/div>\n<p><strong>Voix d&rsquo;hommes recherch\u00e9es<\/strong><\/p>\n<p>Le <a href=\"http:\/\/www.choeurduplateau.org\/\" target=\"_blank\" rel=\"noopener\">Choeur du plateau<\/a> cherche des voix d&rsquo;hommes, plus pr\u00e9cis\u00e9ment un t\u00e9nor et une basse. Le r\u00e9pertoire du choeur va de la Renaissance \u00e0 aujourd&rsquo;hui, et il est dirig\u00e9 par <strong>Roseline Blain<\/strong>. Il a \u00e9t\u00e9 nomm\u00e9 \u00ab\u00a0Meilleur choeur amateur de l&rsquo;Est du Canada\u00a0\u00bb en 2017. Les auditions se poursuivent jusqu&rsquo;au 16 janvier.<\/p>\n<p>Pour plus de d\u00e9tails, \u00e9crire \u00e0 : info@choeurduplateau.org<\/p>\n<p>&nbsp;<\/p>\n<figure id=\"attachment_50745\" aria-describedby=\"caption-attachment-50745\" style=\"width: 923px\" class=\"wp-caption aligncenter\"><img decoding=\"async\" loading=\"lazy\" class=\"size-full wp-image-50745\" src=\"https:\/\/www.ludwig-van.com\/montreal\/wp-content\/uploads\/sites\/3\/2018\/01\/Patrick-Hansen.jpg\" alt=\"Patrick Hansen, directeur musical d'Op\u00e9ra McGill. (Photo: page Facebook de la collecte)\" width=\"923\" height=\"927\" srcset=\"https:\/\/www.ludwig-van.com\/montreal\/wp-content\/uploads\/sites\/3\/2018\/01\/Patrick-Hansen.jpg 923w, https:\/\/www.ludwig-van.com\/montreal\/wp-content\/uploads\/sites\/3\/2018\/01\/Patrick-Hansen-150x150.jpg 150w, https:\/\/www.ludwig-van.com\/montreal\/wp-content\/uploads\/sites\/3\/2018\/01\/Patrick-Hansen-300x300.jpg 300w, https:\/\/www.ludwig-van.com\/montreal\/wp-content\/uploads\/sites\/3\/2018\/01\/Patrick-Hansen-768x771.jpg 768w\" sizes=\"(max-width: 923px) 100vw, 923px\" \/><figcaption id=\"caption-attachment-50745\" class=\"wp-caption-text\">Patrick Hansen, directeur musical d&rsquo;Op\u00e9ra McGill. (Photo: page Facebook de la collecte)<\/figcaption><\/figure>\n<p><strong>Patrick Hansen en kilt pour une bonne cause<\/strong><\/p>\n<p>Patrick Hansen, directeur musical d&rsquo;Op\u00e9ra McGill, portera un kilt pendant tout le mois de janvier dans le but de recueillir des fonds pour <span lang=\"FR-CA\">des bourses pour femmes \u00e0 travers l&rsquo;organisme <i>The International Philanthropic Education Organization<\/i>. Au moment d&rsquo;\u00e9crire ces lignes, il avait d\u00e9j\u00e0 r\u00e9colt\u00e9 2345 $ sur un objectif de 3000 $. On peut faire un don via <a href=\"https:\/\/www.facebook.com\/donate\/735292689994087\/\" target=\"_blank\" rel=\"noopener\">sa page Facebook d\u00e9di\u00e9e \u00e0 la collecte<\/a>. <\/span><\/p>\n<p><strong>Vous aimeriez nous faire part d&rsquo;une nouvelle pour le bulletin du jeudi?<\/strong> \u00c9crivez-nous \u00e0 caroline@ludwig-van.com<\/p>\n<p><em>NB: Ludwig van Montr\u00e9al se r\u00e9serve cependant le droit de choisir les nouvelles de son bulletin et nous ne nous engageons pas \u00e0 tout publier.<\/em><\/p>\n<p><strong>VOUS AVEZ AIM\u00c9 CET ARTICLE? Lisez aussi:<\/strong><\/p>\n<p><a href=\"https:\/\/www.ludwig-van.com\/montreal\/2018\/01\/06\/choix-de-redaction-cinq-concerts-inspires-de-litterature-a-decouvrir-2018\/\" target=\"_blank\" rel=\"noopener\">Cinq concerts inspir\u00e9s de la litt\u00e9rature \u00e0 d\u00e9couvrir en 2018<\/a><\/p>\n<p><a href=\"https:\/\/www.ludwig-van.com\/montreal\/2017\/12\/29\/bilan-de-fin-dannee-les-evenements-qui-ont-marque-2017-en-musique-classique\/\" target=\"_blank\" rel=\"noopener\">Les \u00e9v\u00e9nements qui ont marqu\u00e9 2017 en musique classique<\/a><\/p>\n<p>&nbsp;<\/p>\n<p>&nbsp;<\/p>\n<p>&nbsp;<\/p>\n<p>&nbsp;<\/p>\n<p>&nbsp;<\/p>\n<p>&nbsp;<\/p>\n<p>&nbsp;<\/p>\n","protected":false},"excerpt":{"rendered":"<p>M\u00eame en cette p\u00e9riode de \u00ab\u00a0slow news\u00a0\u00bb de d\u00e9but d&rsquo;ann\u00e9e, il se passe toujours quelque chose dans le merveilleux monde de la musique classique. Notre bulletin hebdomadaire du jeudi reprend donc du service! Bonne ann\u00e9e 2018.<\/p>\n","protected":false},"author":51,"featured_media":50520,"comment_status":"open","ping_status":"open","sticky":false,"template":"","format":"standard","meta":{"om_disable_all_campaigns":false,"jetpack_post_was_ever_published":false},"categories":[16745,10956,10992,1],"tags":[14411,16486,16485],"yst_prominent_words":[17018,16287,10976,9875,9847,17049,17046,17051,17048,17045,17043,9836,17050,10167,16989,17047,17044,17042,17040,17041],"acf":[],"jetpack_featured_media_url":"https:\/\/www.ludwig-van.com\/montreal\/wp-content\/uploads\/sites\/3\/2017\/12\/1718_Dutoit_Bolero_1684x936.jpg","jetpack_sharing_enabled":true,"jetpack_shortlink":"https:\/\/wp.me\/p9bdYt-dcr","amp_enabled":true,"_links":{"self":[{"href":"https:\/\/www.ludwig-van.com\/montreal\/wp-json\/wp\/v2\/posts\/50743"}],"collection":[{"href":"https:\/\/www.ludwig-van.com\/montreal\/wp-json\/wp\/v2\/posts"}],"about":[{"href":"https:\/\/www.ludwig-van.com\/montreal\/wp-json\/wp\/v2\/types\/post"}],"author":[{"embeddable":true,"href":"https:\/\/www.ludwig-van.com\/montreal\/wp-json\/wp\/v2\/users\/51"}],"replies":[{"embeddable":true,"href":"https:\/\/www.ludwig-van.com\/montreal\/wp-json\/wp\/v2\/comments?post=50743"}],"version-history":[{"count":6,"href":"https:\/\/www.ludwig-van.com\/montreal\/wp-json\/wp\/v2\/posts\/50743\/revisions"}],"predecessor-version":[{"id":50750,"href":"https:\/\/www.ludwig-van.com\/montreal\/wp-json\/wp\/v2\/posts\/50743\/revisions\/50750"}],"wp:featuredmedia":[{"embeddable":true,"href":"https:\/\/www.ludwig-van.com\/montreal\/wp-json\/wp\/v2\/media\/50520"}],"wp:attachment":[{"href":"https:\/\/www.ludwig-van.com\/montreal\/wp-json\/wp\/v2\/media?parent=50743"}],"wp:term":[{"taxonomy":"category","embeddable":true,"href":"https:\/\/www.ludwig-van.com\/montreal\/wp-json\/wp\/v2\/categories?post=50743"},{"taxonomy":"post_tag","embeddable":true,"href":"https:\/\/www.ludwig-van.com\/montreal\/wp-json\/wp\/v2\/tags?post=50743"},{"taxonomy":"yst_prominent_words","embeddable":true,"href":"https:\/\/www.ludwig-van.com\/montreal\/wp-json\/wp\/v2\/yst_prominent_words?post=50743"}],"curies":[{"name":"wp","href":"https:\/\/api.w.org\/{rel}","templated":true}]}}