{"id":50145,"date":"2017-12-09T12:10:52","date_gmt":"2017-12-09T17:10:52","guid":{"rendered":"https:\/\/www.ludwig-van.com\/montreal\/?p=50145"},"modified":"2017-12-09T12:10:52","modified_gmt":"2017-12-09T17:10:52","slug":"messages-membres-cantates-de-bach-noel-concert-ideal-temps-fetes","status":"publish","type":"post","link":"https:\/\/www.ludwig-van.com\/montreal\/2017\/12\/09\/messages-membres-cantates-de-bach-noel-concert-ideal-temps-fetes\/","title":{"rendered":"MESSAGES DES MEMBRES | CANTATES DE BACH POUR NO\u00cbL : Un concert id\u00e9al pour le temps des f\u00eates"},"content":{"rendered":"<figure id=\"attachment_50146\" aria-describedby=\"caption-attachment-50146\" style=\"width: 1024px\" class=\"wp-caption aligncenter\"><img decoding=\"async\" loading=\"lazy\" class=\"size-full wp-image-50146\" src=\"https:\/\/www.ludwig-van.com\/montreal\/wp-content\/uploads\/sites\/3\/2017\/12\/LaChapelleDeQuebec-DavidCannon-web.jpg\" alt=\"La Chapelle de Qu\u00e9bec (Cr\u00e9dit: David Cannon)\" width=\"1024\" height=\"614\" srcset=\"https:\/\/www.ludwig-van.com\/montreal\/wp-content\/uploads\/sites\/3\/2017\/12\/LaChapelleDeQuebec-DavidCannon-web.jpg 1024w, https:\/\/www.ludwig-van.com\/montreal\/wp-content\/uploads\/sites\/3\/2017\/12\/LaChapelleDeQuebec-DavidCannon-web-300x180.jpg 300w, https:\/\/www.ludwig-van.com\/montreal\/wp-content\/uploads\/sites\/3\/2017\/12\/LaChapelleDeQuebec-DavidCannon-web-768x461.jpg 768w\" sizes=\"(max-width: 1024px) 100vw, 1024px\" \/><figcaption id=\"caption-attachment-50146\" class=\"wp-caption-text\">La Chapelle de Qu\u00e9bec (Cr\u00e9dit: David Cannon)<\/figcaption><\/figure>\n<p><strong>Qu\u00e9bec, le 9 d\u00e9cembre 2017<\/strong> \u2013 \u00c0 quelques jours des f\u00eates, le chef fondateur des <a href=\"https:\/\/www.ludwig-van.com\/montreal\/directory\/violons-du-roy-la-chapelle-de-quebec\/\" target=\"_blank\" rel=\"noopener\">Violons du Roy<\/a>, Bernard Labadie, r\u00e9unit <strong>La Chapelle de Qu\u00e9bec<\/strong> et <strong>Les Violons du Roy<\/strong> pour offrir au public qu\u00e9b\u00e9cois quatre cantates de Johann Sebastian Bach consacr\u00e9es \u00e0 No\u00ebl et au Jour de l\u2019An. Ce programme festif alliera la splendeur de l\u2019orchestre et du choeur aux solistes de renomm\u00e9e internationale Paula Murrihy, mezzo-soprano, Thomas Hobbs, t\u00e9nor et Detlef Roth, baryton. Le concert sera pr\u00e9sent\u00e9 le mercredi 13 et le jeudi 14 d\u00e9cembre \u00e0 20h au Palais Montcalm &#8211; Maison de la musique \u00e0 Qu\u00e9bec et le dimanche 17 d\u00e9cembre \u00e0 14h \u00e0 la Maison symphonique de Montr\u00e9al.<\/p>\n<p>Les <strong>Cantates de Bach<\/strong> se distinguent par la richesse de leur musique et par la profondeur de leur spiritualit\u00e9. Ce concert est une occasion unique de voir et d\u2019entendre un programme triomphal qui accompagnera de mani\u00e8re grandiose les spectateurs au temps de la Nativit\u00e9.<\/p>\n<p>D\u00e9crit comme \u00ab l\u2019un des interpr\u00e8tes de Bach les plus fascinants \u00bb de sa g\u00e9n\u00e9ration, le t\u00e9nor <strong>Thomas Hobbs<\/strong> est convoit\u00e9 par les plus grands ensembles de musique baroque. La mezzo-soprano <strong>Paula Murrihy<\/strong> excelle pour tenir son auditoire en haleine aussi bien en concert qu\u2019\u00e0 l\u2019op\u00e9ra. Cette interpr\u00e8te a conquis le public et la critique par sa profonde musicalit\u00e9. Le baryton allemand <strong>Detlef Roth<\/strong> est un soliste concertiste tr\u00e8s en vue dans le monde entier. Il interpr\u00e8te avec une virtuosit\u00e9 sans \u00e9gale autant les r\u00e9pertoires classiques que modernes, les oeuvres de Beethoven et Mahler, de m\u00eame que les cantates de Bach. Sous la direction de Bernard Labadie, ces musiciens et solistes invitent le public de se joindre \u00e0 eux en grand nombre pour f\u00eater No\u00ebl en musique.<\/p>\n<p>Bernard Labadie, chef<br \/>\nPaula Murrihy, mezzo-soprano<br \/>\nThomas Hobbs, t\u00e9nor<br \/>\nDetlef Roth, baryton<br \/>\nAvec la participation de Sheila Dietrich, soprano<br \/>\nLes Violons du Roy et La Chapelle de Qu\u00e9bec<\/p>\n<p><strong>Programme<\/strong> :<br \/>\nJ.S. BACH (1685-1750)<br \/>\nCantate Singet dem Herrn ein neues Lied, BWV 190<br \/>\nCantate Herr Gott, dich loben wir, BWV 16<br \/>\nCantate Sie werden aus Saba alle kommen, BWV 65<br \/>\nCantate Christen, \u00e4tzet diesen Tag, BWV 63<\/p>\n<p>Le concert du mercredi 13 d\u00e9cembre est pr\u00e9sent\u00e9 par Caron Groupe Financier.<\/p>\n<p>Le concert du jeudi 14 d\u00e9cembre est pr\u00e9sent\u00e9 par Ernst &amp; Young.<\/p>\n<p>Le concert du dimanche 17 d\u00e9cembre est pr\u00e9sent\u00e9 par Gaz M\u00e9tro en collaboration avec la Fondation Arte Musica dans le cadre de son Int\u00e9grale des cantates de Bach.<\/p>\n<p>Billets en vente <a href=\"http:\/\/www.palaismontcalm.ca\/programmation\/13-decembre-2017-violons-roy-cantate-de-bach-noel\/\" target=\"_blank\" rel=\"noopener\">aux billetteries du Palais Montcalm<\/a> \u2013 Maison de la musique au 1 877 641-6040 et de la <a href=\"https:\/\/placedesarts.com\/fr\/evenement\/les-violons-du-roy-cantates-de-bach-pour-no%C3%ABl\" target=\"_blank\" rel=\"noopener\">Place des Arts<\/a> au 1 866 842-2112.<\/p>\n<p>&nbsp;<\/p>\n<p>&nbsp;<\/p>\n","protected":false},"excerpt":{"rendered":"<p>\u00c0 quelques jours des f\u00eates, le chef fondateur des Violons du Roy, Bernard Labadie, r\u00e9unit La Chapelle de Qu\u00e9bec et Les Violons du Roy pour offrir au public qu\u00e9b\u00e9cois quatre cantates de Johann Sebastian Bach consacr\u00e9es \u00e0 No\u00ebl et au Jour de l\u2019An. <\/p>\n","protected":false},"author":7,"featured_media":50146,"comment_status":"open","ping_status":"open","sticky":false,"template":"","format":"standard","meta":{"om_disable_all_campaigns":false,"jetpack_post_was_ever_published":false},"categories":[6439,10956,11944],"tags":[15806,1949,12497],"yst_prominent_words":[8539,15742,10296,15791,15794,15743,15796,15800,15798,15805,15799,15803,15795,15804,15789,15792,15797,15790,15793,9974],"acf":[],"jetpack_featured_media_url":"https:\/\/www.ludwig-van.com\/montreal\/wp-content\/uploads\/sites\/3\/2017\/12\/LaChapelleDeQuebec-DavidCannon-web.jpg","jetpack_sharing_enabled":true,"jetpack_shortlink":"https:\/\/wp.me\/p9bdYt-d2N","amp_enabled":true,"_links":{"self":[{"href":"https:\/\/www.ludwig-van.com\/montreal\/wp-json\/wp\/v2\/posts\/50145"}],"collection":[{"href":"https:\/\/www.ludwig-van.com\/montreal\/wp-json\/wp\/v2\/posts"}],"about":[{"href":"https:\/\/www.ludwig-van.com\/montreal\/wp-json\/wp\/v2\/types\/post"}],"author":[{"embeddable":true,"href":"https:\/\/www.ludwig-van.com\/montreal\/wp-json\/wp\/v2\/users\/7"}],"replies":[{"embeddable":true,"href":"https:\/\/www.ludwig-van.com\/montreal\/wp-json\/wp\/v2\/comments?post=50145"}],"version-history":[{"count":1,"href":"https:\/\/www.ludwig-van.com\/montreal\/wp-json\/wp\/v2\/posts\/50145\/revisions"}],"predecessor-version":[{"id":50147,"href":"https:\/\/www.ludwig-van.com\/montreal\/wp-json\/wp\/v2\/posts\/50145\/revisions\/50147"}],"wp:featuredmedia":[{"embeddable":true,"href":"https:\/\/www.ludwig-van.com\/montreal\/wp-json\/wp\/v2\/media\/50146"}],"wp:attachment":[{"href":"https:\/\/www.ludwig-van.com\/montreal\/wp-json\/wp\/v2\/media?parent=50145"}],"wp:term":[{"taxonomy":"category","embeddable":true,"href":"https:\/\/www.ludwig-van.com\/montreal\/wp-json\/wp\/v2\/categories?post=50145"},{"taxonomy":"post_tag","embeddable":true,"href":"https:\/\/www.ludwig-van.com\/montreal\/wp-json\/wp\/v2\/tags?post=50145"},{"taxonomy":"yst_prominent_words","embeddable":true,"href":"https:\/\/www.ludwig-van.com\/montreal\/wp-json\/wp\/v2\/yst_prominent_words?post=50145"}],"curies":[{"name":"wp","href":"https:\/\/api.w.org\/{rel}","templated":true}]}}