{"id":49510,"date":"2017-11-04T16:39:35","date_gmt":"2017-11-04T20:39:35","guid":{"rendered":"https:\/\/www.ludwig-van.com\/montreal\/?p=49510"},"modified":"2017-11-04T16:41:17","modified_gmt":"2017-11-04T20:41:17","slug":"lavant-concert-concours-de-musique-du-canada-canimex-vers-un-60e-anniversaire-riche-en-souvenirs","status":"publish","type":"post","link":"https:\/\/www.ludwig-van.com\/montreal\/2017\/11\/04\/lavant-concert-concours-de-musique-du-canada-canimex-vers-un-60e-anniversaire-riche-en-souvenirs\/","title":{"rendered":"L&rsquo;AVANT-CONCERT | Concours de musique du Canada-Canimex : vers un 60e anniversaire riche en souvenirs"},"content":{"rendered":"<figure id=\"attachment_49511\" aria-describedby=\"caption-attachment-49511\" style=\"width: 1024px\" class=\"wp-caption aligncenter\"><img decoding=\"async\" loading=\"lazy\" class=\"size-full wp-image-49511\" src=\"https:\/\/www.ludwig-van.com\/montreal\/wp-content\/uploads\/sites\/3\/2017\/11\/Concours-de-musique-du-Canada_AntoineSaito.jpg\" alt=\"Pour son 60e anniversaire, le Concours de musique du Canada-Canimex offrira une s\u00e9rie de concert \u00e0 travers le pays, avec d'anciens laur\u00e9ats. (Cr\u00e9dit: Antoine Saito)\" width=\"1024\" height=\"683\" srcset=\"https:\/\/www.ludwig-van.com\/montreal\/wp-content\/uploads\/sites\/3\/2017\/11\/Concours-de-musique-du-Canada_AntoineSaito.jpg 1024w, https:\/\/www.ludwig-van.com\/montreal\/wp-content\/uploads\/sites\/3\/2017\/11\/Concours-de-musique-du-Canada_AntoineSaito-300x200.jpg 300w, https:\/\/www.ludwig-van.com\/montreal\/wp-content\/uploads\/sites\/3\/2017\/11\/Concours-de-musique-du-Canada_AntoineSaito-768x512.jpg 768w\" sizes=\"(max-width: 1024px) 100vw, 1024px\" \/><figcaption id=\"caption-attachment-49511\" class=\"wp-caption-text\">Pour son 60e anniversaire, le Concours de musique du Canada-Canimex offrira une s\u00e9rie de concert \u00e0 travers le pays, avec d&rsquo;anciens laur\u00e9ats. (Cr\u00e9dit: Antoine Saito)<\/figcaption><\/figure>\n<p>Le Concours de musique du Canada-Canimex f\u00eate ses 60 ans cette ann\u00e9e, et pour l\u2019occasion, lance une douzaine de concerts partout au pays qui mettra en vedette des ambassadeurs, anciens laur\u00e9ats du concours. Ce premier programme de concert se d\u00e9roule ce soir et demain avec l\u2019<strong>Orchestre symphonique de Longueuil<\/strong> et le pianiste <strong>Charles Richard-Hamelin.<\/strong><\/p>\n<p>L\u2019anniversaire \u00e9tait lanc\u00e9, il y a quelques semaines, \u00e0 la Chapelle historique du Bon-Pasteur, alors que le Concours a d\u00e9voil\u00e9 sa nouvelle identit\u00e9 visuelle et le logo du 60<sup>e<\/sup> anniversaire, ainsi que les noms des anciens laur\u00e9ats qui participeront \u00e0 ces concerts dans diff\u00e9rentes villes canadiennes. Le concept jumelle des laur\u00e9ats plus \u00e2g\u00e9s qui connaissent de belles carri\u00e8res musicales, \u00e0 des laur\u00e9ats plus r\u00e9cents. \u00c0 cette occasion, on a pu entendre des prestations musicales de <strong>Lyne Fortin<\/strong>, <strong>Val\u00e9rie Milot<\/strong> et <strong>Tristan Longval-Gagn\u00e9.<\/strong><\/p>\n<p>Pour cette 60<sup>e<\/sup> \u00e9dition, les finales auront lieu \u00e0 Montr\u00e9al, en juin et juillet 2018. Le concert gala aura lieu le 9 juillet, \u00e0 la Maison symphonique. Plus de 100\u00a0000 $ en prix seront attribu\u00e9s.<\/p>\n<p>\u00ab Quand le Concours a f\u00eat\u00e9 son cinquanti\u00e8me anniversaire, on a beaucoup insist\u00e9 sur son histoire, dit Marie-Claude Matton, directrice g\u00e9n\u00e9rale. L\u2019id\u00e9e du 60e est plus de c\u00e9l\u00e9brer et de mettre en valeur des gens qui ont fait le concours et qui sont encore actifs, en les jumelant avec des ambassadeurs plus r\u00e9cents. Les concerts auront lieu dans l\u2019ordre invers\u00e9 de la constitution de nos sections, donc de la plus r\u00e9cente \u00e0 la plus ancienne, pour se terminer \u00e0 Montr\u00e9al. \u00bb<\/p>\n<p>En effet, le CMC-Canimex a \u00e9t\u00e9 fond\u00e9 \u00e0 Montr\u00e9al.<\/p>\n<p>\u00ab \u00c7a a \u00e9t\u00e9 cr\u00e9\u00e9 ici, on revient donc aux sources du Concours avec nos \u00e9v\u00e9nements nationaux qui se tiendront \u00e0 Montr\u00e9al. Le concert gala va se d\u00e9rouler \u00e0 la Maison symphonique, avec l\u2019<a href=\"https:\/\/www.ludwig-van.com\/montreal\/directory\/orchestre-metropolitain\/\" target=\"_blank\" rel=\"noopener\">Orchestre M\u00e9tropolitain<\/a>. On est tr\u00e8s heureux de cette collaboration. C\u2019\u00e9tait important de lier ces \u00e9v\u00e9nements \u00e0 des partenaires majeurs, et de revenir l\u00e0 o\u00f9 tout a commenc\u00e9. D\u2019autre part, on voulait offrir \u00e0 nos laur\u00e9ats un \u00e9crin particulier pour ce concert. Pour eux, c\u2019est une tr\u00e8s belle occasion de venir jouer dans une salle prestigieuse. On veut vraiment se tourner vers l\u2019avenir, avec une \u00e9dition qui annonce les couleurs et l\u2019identit\u00e9 du Concours. \u00bb<\/p>\n<p><strong>Charles Richard-Hamelin<\/strong><\/p>\n<p>Pour ce premier concert de la s\u00e9rie, Charles Richard-Hamelin, qui a remport\u00e9 la deuxi\u00e8me place au Tremplin du CMC-Canimex en 2010, sera le soliste invit\u00e9 de l\u2019<a href=\"http:\/\/osdl.ca\/calendrier-concerts\" target=\"_blank\" rel=\"noopener\">Orchestre symphonique de Longueuil<\/a>, sous la direction du chef <strong>Marc David.<br \/>\n<\/strong><\/p>\n<p>Au programme\u00a0: le Concerto Brandebourgeois no 3, de Bach, le Concerto pour piano no 1, de Chopin, la <em>R\u00eaverie<\/em> tir\u00e9e de la musique du film <em>Un homme et son p\u00e9ch\u00e9<\/em>, de Michel Cusson, et <em>Danse villageoise<\/em>, de Claude Champagne.<\/p>\n<div class=\"jetpack-video-wrapper\"><span class=\"embed-youtube\" style=\"text-align:center; display: block;\"><iframe loading=\"lazy\" class=\"youtube-player\" width=\"640\" height=\"360\" src=\"https:\/\/www.youtube.com\/embed\/LHbBXCN0SvQ?version=3&#038;rel=1&#038;showsearch=0&#038;showinfo=1&#038;iv_load_policy=1&#038;fs=1&#038;hl=fr-FR&#038;autohide=2&#038;wmode=transparent\" allowfullscreen=\"true\" style=\"border:0;\" sandbox=\"allow-scripts allow-same-origin allow-popups allow-presentation\"><\/iframe><\/span><\/div>\n<p>Les prochains concerts auront lieu le 22 novembre, \u00e0 Halifax, avec Lucas Porter et Roger Lord, le 27 novembre, au Centre national des arts d\u2019Ottawa, avec le violoniste Kerson Leong, et le 12 janvier, \u00e0 Calgary, avec Estelle et Arnold Choi et le Calidor Quartet. Les dates et lieux des autres concerts seront annonc\u00e9s plus tard dans l\u2019ann\u00e9e.<\/p>\n<p>Parmi les autres ambassadeurs de cette \u00e9dition anniversaire, mentionnons la soprano Lyne Fortin, les violonistes Martin Chalifour et Blake Pouliot, la harpiste Val\u00e9rie Milot, les pianistes David Jalbert, Anne-Marie Dubois, Jean-Michel Dub\u00e9 et Tristan Longval-Gagn\u00e9, et le hautbo\u00efste Vincent Boilard.<\/p>\n<p>Il est encore temps de s\u2019inscrire au CMC-Canimex. <a href=\"https:\/\/www.ludwig-van.com\/montreal\/2017\/10\/25\/messages-des-membres-inscription-concours-de-musique-du-canada-canimex-2018\/\" target=\"_blank\" rel=\"noopener\">Les inscriptions se poursuivent jusqu\u2019au 13 novembre.<\/a><\/p>\n<p>Le concert D\u2019hier \u00e0 demain, St-Bruno, avec l\u2019OSDL et Charles Richard-Hamelin, aura lieu ce soir, 19 h 30, \u00e0 l&rsquo;\u00e9glise Sainte-Famille de Boucherville, et demain, 5 novembre, 15 h, \u00e0 la paroisse St-Bruno-de-Montarville, au 1668, rue de Montarville.<\/p>\n<p>VOUS AVEZ AIM\u00c9 CET ARTICLE? Lisez aussi:<\/p>\n<p><a href=\"https:\/\/www.ludwig-van.com\/montreal\/2017\/10\/25\/messages-des-membres-inscription-concours-de-musique-du-canada-canimex-2018\/\" target=\"_blank\" rel=\"noopener\">Message des membres: Il est temps de s&rsquo;inscrire au Concours<\/a> de musique du Canada-Canimex.<\/p>\n<p>&nbsp;<\/p>\n<p>&nbsp;<\/p>\n<p>&nbsp;<\/p>\n<p>&nbsp;<\/p>\n<p>&nbsp;<\/p>\n<p>&nbsp;<\/p>\n","protected":false},"excerpt":{"rendered":"<p>Le Concours de musique du Canada-Canimex f\u00eate ses 60 ans cette ann\u00e9e, et pour l\u2019occasion, lance une douzaine de concerts partout au pays qui mettra en vedette des ambassadeurs, anciens laur\u00e9ats du concours. Ce premier programme de concert se d\u00e9roule ce soir et demain avec l\u2019Orchestre symphonique de Longueuil et le pianiste Charles Richard-Hamelin.<\/p>\n","protected":false},"author":51,"featured_media":49511,"comment_status":"open","ping_status":"open","sticky":false,"template":"","format":"standard","meta":{"om_disable_all_campaigns":false,"jetpack_post_was_ever_published":false},"categories":[1],"tags":[4678,14630,14631],"yst_prominent_words":[14622,14624,9966,7202,14060,8858,10473,10471,14047,13506,10645,14626,9869,14051,11111,14632,14623,14628,14627,13396],"acf":[],"jetpack_featured_media_url":"https:\/\/www.ludwig-van.com\/montreal\/wp-content\/uploads\/sites\/3\/2017\/11\/Concours-de-musique-du-Canada_AntoineSaito.jpg","jetpack_sharing_enabled":true,"jetpack_shortlink":"https:\/\/wp.me\/p9bdYt-cSy","amp_enabled":true,"_links":{"self":[{"href":"https:\/\/www.ludwig-van.com\/montreal\/wp-json\/wp\/v2\/posts\/49510"}],"collection":[{"href":"https:\/\/www.ludwig-van.com\/montreal\/wp-json\/wp\/v2\/posts"}],"about":[{"href":"https:\/\/www.ludwig-van.com\/montreal\/wp-json\/wp\/v2\/types\/post"}],"author":[{"embeddable":true,"href":"https:\/\/www.ludwig-van.com\/montreal\/wp-json\/wp\/v2\/users\/51"}],"replies":[{"embeddable":true,"href":"https:\/\/www.ludwig-van.com\/montreal\/wp-json\/wp\/v2\/comments?post=49510"}],"version-history":[{"count":6,"href":"https:\/\/www.ludwig-van.com\/montreal\/wp-json\/wp\/v2\/posts\/49510\/revisions"}],"predecessor-version":[{"id":49517,"href":"https:\/\/www.ludwig-van.com\/montreal\/wp-json\/wp\/v2\/posts\/49510\/revisions\/49517"}],"wp:featuredmedia":[{"embeddable":true,"href":"https:\/\/www.ludwig-van.com\/montreal\/wp-json\/wp\/v2\/media\/49511"}],"wp:attachment":[{"href":"https:\/\/www.ludwig-van.com\/montreal\/wp-json\/wp\/v2\/media?parent=49510"}],"wp:term":[{"taxonomy":"category","embeddable":true,"href":"https:\/\/www.ludwig-van.com\/montreal\/wp-json\/wp\/v2\/categories?post=49510"},{"taxonomy":"post_tag","embeddable":true,"href":"https:\/\/www.ludwig-van.com\/montreal\/wp-json\/wp\/v2\/tags?post=49510"},{"taxonomy":"yst_prominent_words","embeddable":true,"href":"https:\/\/www.ludwig-van.com\/montreal\/wp-json\/wp\/v2\/yst_prominent_words?post=49510"}],"curies":[{"name":"wp","href":"https:\/\/api.w.org\/{rel}","templated":true}]}}