{"id":49138,"date":"2017-10-25T13:32:47","date_gmt":"2017-10-25T17:32:47","guid":{"rendered":"https:\/\/www.ludwig-van.com\/montreal\/?p=49138"},"modified":"2017-10-25T14:36:51","modified_gmt":"2017-10-25T18:36:51","slug":"messages-des-membres-inscription-concours-de-musique-du-canada-canimex-2018","status":"publish","type":"post","link":"https:\/\/www.ludwig-van.com\/montreal\/2017\/10\/25\/messages-des-membres-inscription-concours-de-musique-du-canada-canimex-2018\/","title":{"rendered":"MESSAGES DES MEMBRES | Il est temps de s&rsquo;inscrire au Concours de musique du Canada-Canimex 2018!"},"content":{"rendered":"<figure id=\"attachment_49140\" aria-describedby=\"caption-attachment-49140\" style=\"width: 1024px\" class=\"wp-caption aligncenter\"><img decoding=\"async\" loading=\"lazy\" class=\"size-full wp-image-49140\" src=\"https:\/\/www.ludwig-van.com\/montreal\/wp-content\/uploads\/sites\/3\/2017\/10\/CMC_web-Courtoisie.jpg\" alt=\"Les laur\u00e9ats du Concours de musique du Canada-Canimex 2017. (Photo: courtoisie du CMC)\" width=\"1024\" height=\"682\" srcset=\"https:\/\/www.ludwig-van.com\/montreal\/wp-content\/uploads\/sites\/3\/2017\/10\/CMC_web-Courtoisie.jpg 1024w, https:\/\/www.ludwig-van.com\/montreal\/wp-content\/uploads\/sites\/3\/2017\/10\/CMC_web-Courtoisie-300x200.jpg 300w, https:\/\/www.ludwig-van.com\/montreal\/wp-content\/uploads\/sites\/3\/2017\/10\/CMC_web-Courtoisie-768x512.jpg 768w\" sizes=\"(max-width: 1024px) 100vw, 1024px\" \/><figcaption id=\"caption-attachment-49140\" class=\"wp-caption-text\">Les laur\u00e9ats du Concours de musique du Canada-Canimex 2017. (Cr\u00e9dit: Marie-Andr\u00e9e Blais photographe)<\/figcaption><\/figure>\n<p><strong>Inscriptions au Concours de musique du Canada-Canimex 2018<\/strong><\/p>\n<p>C\u00e9l\u00e9brations du 60e anniversaire de fondation du CMC, 60 ans de talents!<\/p>\n<p>Il est temps de s\u2019inscrire au Concours de musique du Canada-Canimex 2018. Les musiciens de la rel\u00e8ve (7 \u00e0 30 ans) de partout au pays ont jusqu\u2019au 13 novembre prochain pour d\u00e9poser leur candidature au www.cmcnational.com<\/p>\n<p>Les listes de r\u00e9pertoire demand\u00e9 ainsi que les r\u00e8gles de participation y sont aussi disponibles. En cette ann\u00e9e du 60e anniversaire du CMC, pratiquement tous les instruments sont accept\u00e9s. Suite \u00e0 l\u2019Audition nationale pancanadienne, les candidats s\u00e9lectionn\u00e9s convergeront vers Montr\u00e9al o\u00f9 se d\u00e9rouleront la Finale nationale et le Tremplin. Le Concert gala des laur\u00e9ats aura lieu le 9 juillet 2018 \u00e0 la Maison symphonique de Montr\u00e9al avec l\u2019Orchestre M\u00e9tropolitain. Ajoutons que le Concours remettra plus de 100 000 $ en bourses. Soyez de la f\u00eate !<\/p>\n<p><strong>Dates importantes*<\/strong><\/p>\n<p>&#8211; Inscription : jusqu\u2019au 13 novembre 2017<br \/>\n&#8211; Date limite pour modification au programme musical : 25 janvier 2018<br \/>\n&#8211; Audition nationale pancanadienne : avril et mai 2018<br \/>\n&#8211; Finale nationale, Montr\u00e9al : 8 au 30 juin 2018<br \/>\n&#8211; Tremplin, Montr\u00e9al : 27 juin au 8 juillet 2018<br \/>\n&#8211; Concert gala, Maison symphonique de Montr\u00e9al : 9 juillet 2018<\/p>\n<p><a href=\"http:\/\/www.cmcnational.com\/fr\/cmc2018\/inscription\/formulaire\/\" target=\"_blank\" rel=\"noopener\">Je m&rsquo;inscris au Concours!<\/a><\/p>\n<p><a href=\"http:\/\/www.cmcnational.com\/fr\/tremplin2018\/inscription\/formulaire\/\" target=\"_blank\" rel=\"noopener\">Je m&rsquo;inscris au Tremplin!<\/a><\/p>\n<p>&nbsp;<\/p>\n<div class=\"jetpack-video-wrapper\"><span class=\"embed-youtube\" style=\"text-align:center; display: block;\"><iframe loading=\"lazy\" class=\"youtube-player\" width=\"640\" height=\"360\" src=\"https:\/\/www.youtube.com\/embed\/QCkB0ZgOX2o?version=3&#038;rel=1&#038;showsearch=0&#038;showinfo=1&#038;iv_load_policy=1&#038;fs=1&#038;hl=fr-FR&#038;autohide=2&#038;wmode=transparent\" allowfullscreen=\"true\" style=\"border:0;\" sandbox=\"allow-scripts allow-same-origin allow-popups allow-presentation\"><\/iframe><\/span><\/div>\n<p>&nbsp;<\/p>\n<p><strong>60 ans de talents!<\/strong><\/p>\n<p>Depuis 60 ans, le Concours de musique du Canada-Canimex d\u00e9couvre et soutient les meilleurs talents musicaux au pays. Il encourage les musiciens de la rel\u00e8ve au d\u00e9passement de soi en cultivant la discipline et la t\u00e9nacit\u00e9, tout en leur offrant une formidable occasion de d\u00e9veloppement artistique.<\/p>\n<p>L\u2019id\u00e9e premi\u00e8re du Concours a pris forme en 1958 \u00e0 Montr\u00e9al. Aujourd\u2019hui, 14 sections sont \u00e0 l\u2019\u0153uvre, d\u2019un bout \u00e0 l\u2019autre du Canada. Et c\u2019est le m\u00eame esprit qui stimulait les fondateurs qui est encore bien vivant chez tous les b\u00e9n\u00e9voles : ils sont les piliers du Concours et y insufflent l\u2019\u00e9nergie et le dynamisme si essentiels \u00e0 la tenue d\u2019une pareille comp\u00e9tition.<\/p>\n<p>Depuis sa fondation, le <a href=\"https:\/\/www.ludwig-van.com\/montreal\/directory\/concours-de-musique-canada\/\" target=\"_blank\" rel=\"noopener\">CMC-Canimex <\/a>a vu d\u00e9filer des milliers de musiciens de la rel\u00e8ve. Parmi ceux-ci, de grands noms de la sc\u00e8ne nationale et internationale d\u2019aujourd\u2019hui dont Marc-Andr\u00e9 Hamelin, Chantal Juillet, Louis Lortie, Martin Beaver, Marie-Nicole Lemieux, Andr\u00e9 Laplante, Gwen Hoebig, Susan Hoeppner, St\u00e9phane Lemelin, Robert Silverman, Angela Cheng, Anne-Marie Dubois, Desmond Hoebig, Angela Hewitt, Janina Fialkoswka, James Ehnes et Gregory Charles, entre autres.<\/p>\n<p>L\u2019avenir s\u2019annonce tout aussi prometteur.<\/p>\n<p>*<em>les dates mentionn\u00e9es peuvent \u00eatre modifi\u00e9es<\/em><\/p>\n","protected":false},"excerpt":{"rendered":"<p>Il est temps de s\u2019inscrire au Concours de musique du Canada-Canimex 2018. Les musiciens de la rel\u00e8ve (7 \u00e0 30 ans) de partout au pays ont jusqu\u2019au 13 novembre prochain pour d\u00e9poser leur candidature.<\/p>\n","protected":false},"author":7,"featured_media":49140,"comment_status":"open","ping_status":"open","sticky":false,"template":"","format":"standard","meta":{"om_disable_all_campaigns":false,"jetpack_post_was_ever_published":false},"categories":[6439,10956,11944],"tags":[822,14062,14063],"yst_prominent_words":[14057,10472,14050,14056,14061,14052,14054,14055,14060,10471,14047,14059,14053,9869,9867,14048,14051,14049,14058,9870],"acf":[],"jetpack_featured_media_url":"https:\/\/www.ludwig-van.com\/montreal\/wp-content\/uploads\/sites\/3\/2017\/10\/CMC_web-Courtoisie.jpg","jetpack_sharing_enabled":true,"jetpack_shortlink":"https:\/\/wp.me\/p9bdYt-cMy","amp_enabled":true,"_links":{"self":[{"href":"https:\/\/www.ludwig-van.com\/montreal\/wp-json\/wp\/v2\/posts\/49138"}],"collection":[{"href":"https:\/\/www.ludwig-van.com\/montreal\/wp-json\/wp\/v2\/posts"}],"about":[{"href":"https:\/\/www.ludwig-van.com\/montreal\/wp-json\/wp\/v2\/types\/post"}],"author":[{"embeddable":true,"href":"https:\/\/www.ludwig-van.com\/montreal\/wp-json\/wp\/v2\/users\/7"}],"replies":[{"embeddable":true,"href":"https:\/\/www.ludwig-van.com\/montreal\/wp-json\/wp\/v2\/comments?post=49138"}],"version-history":[{"count":4,"href":"https:\/\/www.ludwig-van.com\/montreal\/wp-json\/wp\/v2\/posts\/49138\/revisions"}],"predecessor-version":[{"id":49155,"href":"https:\/\/www.ludwig-van.com\/montreal\/wp-json\/wp\/v2\/posts\/49138\/revisions\/49155"}],"wp:featuredmedia":[{"embeddable":true,"href":"https:\/\/www.ludwig-van.com\/montreal\/wp-json\/wp\/v2\/media\/49140"}],"wp:attachment":[{"href":"https:\/\/www.ludwig-van.com\/montreal\/wp-json\/wp\/v2\/media?parent=49138"}],"wp:term":[{"taxonomy":"category","embeddable":true,"href":"https:\/\/www.ludwig-van.com\/montreal\/wp-json\/wp\/v2\/categories?post=49138"},{"taxonomy":"post_tag","embeddable":true,"href":"https:\/\/www.ludwig-van.com\/montreal\/wp-json\/wp\/v2\/tags?post=49138"},{"taxonomy":"yst_prominent_words","embeddable":true,"href":"https:\/\/www.ludwig-van.com\/montreal\/wp-json\/wp\/v2\/yst_prominent_words?post=49138"}],"curies":[{"name":"wp","href":"https:\/\/api.w.org\/{rel}","templated":true}]}}