{"id":48809,"date":"2017-10-17T09:24:44","date_gmt":"2017-10-17T13:24:44","guid":{"rendered":"https:\/\/www.ludwig-van.com\/montreal\/?p=48809"},"modified":"2017-10-17T09:42:46","modified_gmt":"2017-10-17T13:42:46","slug":"quatuor-molinari-concours-composition-et-membre-ludwig-van-montreal","status":"publish","type":"post","link":"https:\/\/www.ludwig-van.com\/montreal\/2017\/10\/17\/quatuor-molinari-concours-composition-et-membre-ludwig-van-montreal\/","title":{"rendered":"NOUVELLE | Le Quatuor Molinari lance son 7e Concours de composition et devient membre de Ludwig van Montr\u00e9al"},"content":{"rendered":"<figure id=\"attachment_48522\" aria-describedby=\"caption-attachment-48522\" style=\"width: 1024px\" class=\"wp-caption aligncenter\"><img decoding=\"async\" loading=\"lazy\" class=\"size-full wp-image-48522\" src=\"https:\/\/www.ludwig-van.com\/montreal\/wp-content\/uploads\/sites\/3\/2017\/10\/molinari20160598-crop.jpg\" alt=\"Ludwig van Montr\u00e9al souhaite la bienvenue au Quatuor Molinari dans sa Communaut\u00e9 musicale. (Photo: courtoisie)\" width=\"1024\" height=\"690\" \/><figcaption id=\"caption-attachment-48522\" class=\"wp-caption-text\">Ludwig van Montr\u00e9al souhaite la bienvenue au Quatuor Molinari dans sa Communaut\u00e9 musicale. (Photo: courtoisie)<\/figcaption><\/figure>\n<p>Ludwig van Montr\u00e9al souhaite la bienvenue \u00e0 son <a href=\"https:\/\/www.ludwig-van.com\/montreal\/directory\/quatuor-molinari\/\" target=\"_blank\" rel=\"noopener\">33e membre<\/a>, le Quatuor Molinari, qui f\u00eate ses vingt ans cette ann\u00e9e. Nous vous invitons \u00e0 visiter leur <a href=\"https:\/\/www.ludwig-van.com\/montreal\/directory\/quatuor-molinari\/\" target=\"_blank\" rel=\"noopener\">page-membre<\/a>. Cette semaine, le Quatuor a annonc\u00e9 le lancement de son <a href=\"http:\/\/quatuormolinari.qc.ca\/fr\/concours\/\" target=\"_blank\" rel=\"noopener\">7e Concours international de composition<\/a>, qui a pour objectif d&rsquo;encourager les jeunes compositeurs \u00e0 \u00e9crire des \u0153uvres pour quatuor \u00e0 cordes.<\/p>\n<p>Les \u0153uvres prim\u00e9es seront cr\u00e9\u00e9es en concert dans la s\u00e9rie Vingti\u00e8me et plus du Quatuor Molinari \u00e0 Montr\u00e9al (Qu\u00e9bec, Canada) lors de la saison 2018-2019. Un jury form\u00e9 de la directrice artistique du Quatuor Molinari, Olga Ranzenhofer, ainsi que des musiciens du Quatuor et des compositeurs canadiens Brian Cherney, Denis Gougeon et Maxime McKinley d\u00e9terminera quatre laur\u00e9ats. Les \u0153uvres des laur\u00e9ats seront jou\u00e9es par le Quatuor Molinari lors d\u2019un concert.\u00a0Le gagnant du Premier Prix recevra une bourse de 3000 $ ainsi qu\u2019une s\u00e9rigraphie de l\u2019artiste canadien Guido Molinari. Le laur\u00e9at du deuxi\u00e8me prix recevra une bourse de 2000 $ et celui du troisi\u00e8me prix une bourse de 1000 $. Le quatri\u00e8me laur\u00e9at obtiendra une mention d\u2019honneur.<\/p>\n<p><strong>Nouvelles et concerts \u00e0 venir<\/strong><\/p>\n<p>Les membres du Quatuor Molinari sont Olga Ranzenhofer, violoniste et fondatrice du Quatuor, Fr\u00e9d\u00e9ric Bednarz, violoniste, Fr\u00e9d\u00e9ric Lambert, altiste, et Pierre-Alain Bouvrette, violoncelliste. En ao\u00fbt dernier, le Molinari a obtenu un prestigieux prix <a href=\"http:\/\/quatuormolinari.qc.ca\/fr\/le-qm-remporte-un-prix-echo-klassik\/\" target=\"_blank\" rel=\"noopener\">Echo Klassik<\/a> dans la cat\u00e9gorie du meilleur enregistrement de musique de chambre des 20e et 21e si\u00e8cle pour son int\u00e9grale des quatuors \u00e0 corde de Gy\u00f6rgy Kurtag sous \u00e9tiquette <a href=\"https:\/\/www.ludwig-van.com\/montreal\/directory\/atma-classique\/\" target=\"_blank\" rel=\"noopener\">ATMA Classique<\/a>.<\/p>\n<p>Le <a href=\"https:\/\/www.ludwig-van.com\/montreal\/event\/ecole-de-musique-schulich-illuminations-brian-cherney-a-soixante-quinze-ans-concert-2\/\" target=\"_blank\" rel=\"noopener\">prochain concert<\/a> de l&rsquo;ensemble, intitul\u00e9 Illuminations, aura lieu le 28 octobre prochain alors que le Molinari se joindra \u00e0 des musiciens de l&rsquo;<a href=\"https:\/\/www.ludwig-van.com\/montreal\/directory\/schulich-mcgill\/\" target=\"_blank\" rel=\"noopener\">\u00c9cole de musique Schulich<\/a> pour f\u00eater les 75 ans du compositeur Brian Cherney. Le concert aura lieu <a href=\"https:\/\/www.ludwig-van.com\/montreal\/event\/ecole-de-musique-schulich-illuminations-brian-cherney-a-soixante-quinze-ans-concert-2\/\" target=\"_blank\" rel=\"noopener\">\u00e0 14 h \u00e0 la salle Schulich<\/a>.<\/p>\n<p>En novembre, pour f\u00eater ses 20 ans, le quatuor donnera un grand concert intitul\u00e9 Le Quatuor selon Molinari. Ils interpr\u00e9teront le Quatuor no 2 \u00ab\u00a0Waves\u00a0\u00bb de R. Murray Schafer, le Quatuor no 2 d&rsquo;Alfred Schnittke, Six moments musicaux op. 44 de Gy\u00f6rgy Kurtag, et le Quatuor no 2 de Chostakovitch. Le 10 novembre, 19 h 30, salle de concert du <a href=\"https:\/\/www.ludwig-van.com\/montreal\/2017\/10\/12\/conservatoire-75-ans-de-vie-musicale-au-quebec\/\" target=\"_blank\" rel=\"noopener\">Conservatoire de musique de Montr\u00e9al<\/a>.<\/p>\n<p>F\u00e9licitations au Quatuor Molinari pour ces 20 ans de musique et bienvenue au sein de la Communaut\u00e9 musicale de Ludwig van Montr\u00e9al.<\/p>\n<p>&nbsp;<\/p>\n<div class=\"jetpack-video-wrapper\"><span class=\"embed-youtube\" style=\"text-align:center; display: block;\"><iframe loading=\"lazy\" class=\"youtube-player\" width=\"640\" height=\"360\" src=\"https:\/\/www.youtube.com\/embed\/R9ZoHZiYL5g?version=3&#038;rel=1&#038;showsearch=0&#038;showinfo=1&#038;iv_load_policy=1&#038;fs=1&#038;hl=fr-FR&#038;autohide=2&#038;wmode=transparent\" allowfullscreen=\"true\" style=\"border:0;\" sandbox=\"allow-scripts allow-same-origin allow-popups allow-presentation\"><\/iframe><\/span><\/div>\n<p>&nbsp;<\/p>\n<p><strong>VOUS AUSSI, DEVENEZ MEMBRE!\u00a0<\/strong><\/p>\n<p>Pour savoir <a href=\"https:\/\/www.ludwig-van.com\/montreal\/publicite\/\" target=\"_blank\" rel=\"noopener\">comment devenir membre de la Communaut\u00e9 musicale de Ludwig van Montr\u00e9al<\/a>, \u00e9crivez-nous \u00e0 caroline@ludwig-van.com<\/p>\n<p><strong>VOUS AVEZ AIM\u00c9 CET ARTICLE? Lisez aussi:\u00a0<\/strong><\/p>\n<p><a href=\"https:\/\/www.ludwig-van.com\/montreal\/2017\/10\/06\/nouvelle-encore-deux-nouveaux-membres-pour-ludwig-van-montreal\/\" target=\"_blank\" rel=\"noopener\">Encore deux nouveaux membres pour Ludwig van Montr\u00e9al!\u00a0<\/a><\/p>\n<p><a href=\"https:\/\/www.ludwig-van.com\/montreal\/2017\/09\/29\/nouvelle-ludwig-accueille-cioc-paramirabo\/\" target=\"_blank\" rel=\"noopener\">Ludwig van Montr\u00e9al accueille deux nouveaux membres.\u00a0<\/a><\/p>\n<p><a href=\"https:\/\/www.ludwig-van.com\/montreal\/2017\/09\/09\/mot-redactrice-en-chef-ludwig-van-montreal\/\" target=\"_blank\" rel=\"noopener\">Mot de la r\u00e9dactrice en chef<\/a>, par Caroline Rodgers<\/p>\n","protected":false},"excerpt":{"rendered":"<p>Ludwig van Montr\u00e9al souhaite la bienvenue \u00e0 son 33e membre, le Quatuor Molinari, qui f\u00eate ses vingt ans cette ann\u00e9e. Nous vous invitons \u00e0 visiter leur page-membre. Cette semaine, le Quatuor a annonc\u00e9 le lancement de son 7e Concours international de composition, qui a pour objectif d&rsquo;encourager les jeunes compositeurs \u00e0 \u00e9crire des \u0153uvres pour quatuor \u00e0 cordes.\u00a0<\/p>\n","protected":false},"author":7,"featured_media":0,"comment_status":"open","ping_status":"open","sticky":false,"template":"","format":"standard","meta":{"om_disable_all_campaigns":false,"jetpack_post_was_ever_published":false},"categories":[6439,10956,13504],"tags":[13518,10984,6235],"yst_prominent_words":[10854,12462,12453,9788,9787,13520,13521,12504,12463,12454,12692,13509,12445,13514,13515,13510,13523,9804,13522,13519],"acf":[],"jetpack_featured_media_url":"","jetpack_sharing_enabled":true,"jetpack_shortlink":"https:\/\/wp.me\/p9bdYt-cHf","amp_enabled":true,"_links":{"self":[{"href":"https:\/\/www.ludwig-van.com\/montreal\/wp-json\/wp\/v2\/posts\/48809"}],"collection":[{"href":"https:\/\/www.ludwig-van.com\/montreal\/wp-json\/wp\/v2\/posts"}],"about":[{"href":"https:\/\/www.ludwig-van.com\/montreal\/wp-json\/wp\/v2\/types\/post"}],"author":[{"embeddable":true,"href":"https:\/\/www.ludwig-van.com\/montreal\/wp-json\/wp\/v2\/users\/7"}],"replies":[{"embeddable":true,"href":"https:\/\/www.ludwig-van.com\/montreal\/wp-json\/wp\/v2\/comments?post=48809"}],"version-history":[{"count":6,"href":"https:\/\/www.ludwig-van.com\/montreal\/wp-json\/wp\/v2\/posts\/48809\/revisions"}],"predecessor-version":[{"id":48816,"href":"https:\/\/www.ludwig-van.com\/montreal\/wp-json\/wp\/v2\/posts\/48809\/revisions\/48816"}],"wp:attachment":[{"href":"https:\/\/www.ludwig-van.com\/montreal\/wp-json\/wp\/v2\/media?parent=48809"}],"wp:term":[{"taxonomy":"category","embeddable":true,"href":"https:\/\/www.ludwig-van.com\/montreal\/wp-json\/wp\/v2\/categories?post=48809"},{"taxonomy":"post_tag","embeddable":true,"href":"https:\/\/www.ludwig-van.com\/montreal\/wp-json\/wp\/v2\/tags?post=48809"},{"taxonomy":"yst_prominent_words","embeddable":true,"href":"https:\/\/www.ludwig-van.com\/montreal\/wp-json\/wp\/v2\/yst_prominent_words?post=48809"}],"curies":[{"name":"wp","href":"https:\/\/api.w.org\/{rel}","templated":true}]}}