{"id":48554,"date":"2017-10-06T14:46:52","date_gmt":"2017-10-06T18:46:52","guid":{"rendered":"https:\/\/www.ludwig-van.com\/montreal\/?p=48554"},"modified":"2017-10-07T09:00:33","modified_gmt":"2017-10-07T13:00:33","slug":"nouvelle-encore-deux-nouveaux-membres-pour-ludwig-van-montreal","status":"publish","type":"post","link":"https:\/\/www.ludwig-van.com\/montreal\/2017\/10\/06\/nouvelle-encore-deux-nouveaux-membres-pour-ludwig-van-montreal\/","title":{"rendered":"NOUVELLE | Encore deux nouveaux membres pour Ludwig van Montr\u00e9al!"},"content":{"rendered":"<figure id=\"attachment_48502\" aria-describedby=\"caption-attachment-48502\" style=\"width: 1024px\" class=\"wp-caption aligncenter\"><img decoding=\"async\" loading=\"lazy\" class=\"size-full wp-image-48502\" src=\"https:\/\/www.ludwig-van.com\/montreal\/wp-content\/uploads\/sites\/3\/2017\/10\/Boreades-photo-Hugo-Lefort.jpg\" alt=\"Ludwig van Montr\u00e9al accueille deux nouveaux membres: Les Bor\u00e9ades de Montr\u00e9al et l'Ensemble Contemporain de Montr\u00e9al. (Cr\u00e9dit photo: Hugo Lefort)\" width=\"1024\" height=\"683\" srcset=\"https:\/\/www.ludwig-van.com\/montreal\/wp-content\/uploads\/sites\/3\/2017\/10\/Boreades-photo-Hugo-Lefort.jpg 1024w, https:\/\/www.ludwig-van.com\/montreal\/wp-content\/uploads\/sites\/3\/2017\/10\/Boreades-photo-Hugo-Lefort-300x200.jpg 300w, https:\/\/www.ludwig-van.com\/montreal\/wp-content\/uploads\/sites\/3\/2017\/10\/Boreades-photo-Hugo-Lefort-768x512.jpg 768w\" sizes=\"(max-width: 1024px) 100vw, 1024px\" \/><figcaption id=\"caption-attachment-48502\" class=\"wp-caption-text\">Ludwig van Montr\u00e9al accueille deux nouveaux membres: Les Bor\u00e9ades de Montr\u00e9al et l&rsquo;Ensemble Contemporain de Montr\u00e9al. (Cr\u00e9dit photo: Hugo Lefort)<\/figcaption><\/figure>\n<p>Deux nouveaux ensembles musicaux sont devenus membres de Ludwig cette semaine. Nous avons le plaisir d\u2019accueillir <a href=\"https:\/\/www.ludwig-van.com\/montreal\/directory\/boreades-de-montreal\/\" target=\"_blank\" rel=\"noopener\">Les Bor\u00e9ades de Montr\u00e9al<\/a> et l\u2019<a href=\"https:\/\/www.ludwig-van.com\/montreal\/directory\/ensemble-contemporain-de-montreal-ecm\/\" target=\"_blank\" rel=\"noopener\">Ensemble contemporain de Montr\u00e9al<\/a> parmi notre communaut\u00e9 musicale. Bienvenue!<\/p>\n<p>D\u00e9couvrez la page-membre Ludwig des <a href=\"https:\/\/www.ludwig-van.com\/montreal\/directory\/boreades-de-montreal\/\" target=\"_blank\" rel=\"noopener\">Bor\u00e9ades<\/a> et de l\u2019ECM+!<\/p>\n<p><strong>LES BOR\u00c9ADES DE MONTR\u00c9AL<\/strong><\/p>\n<p>Sp\u00e9cialis\u00e9 dans le r\u00e9pertoire baroque, l\u2019ensemble <a href=\"https:\/\/www.ludwig-van.com\/montreal\/directory\/boreades-de-montreal\/\" target=\"_blank\" rel=\"noopener\">Les Bor\u00e9ades<\/a> a \u00e9t\u00e9 fond\u00e9 en 1991 par Francis Colpron. Il a choisi comme approche une interpr\u00e9tation fid\u00e8le, tant par le respect des r\u00e8gles de la pratique ancienne que par l\u2019emploi d\u2019instruments d\u2019\u00e9poque.<\/p>\n<p>Cet automne, <a href=\"https:\/\/www.ludwig-van.com\/montreal\/directory\/boreades-de-montreal\/\" target=\"_blank\" rel=\"noopener\">Les Bor\u00e9ades<\/a> pr\u00e9senteront une production unique\u00a0: l\u2019op\u00e9ra <a href=\"http:\/\/www.boreades.com\/nicandro-e-fileno\/\" target=\"_blank\" rel=\"noopener\">Nicandro e Fileno<\/a>, de Paolo Lorenzani. Une premi\u00e8re mise en sc\u00e8ne de cette \u0153uvre depuis sa cr\u00e9ation, en 1681! Le 23 novembre, au Monument-National.<\/p>\n<p>&nbsp;<\/p>\n<figure id=\"attachment_48549\" aria-describedby=\"caption-attachment-48549\" style=\"width: 1024px\" class=\"wp-caption aligncenter\"><img decoding=\"async\" loading=\"lazy\" class=\"size-full wp-image-48549\" src=\"https:\/\/www.ludwig-van.com\/montreal\/wp-content\/uploads\/sites\/3\/2017\/10\/G14_02.jpg\" alt=\"L\u2018Ensemble contemporain de Montr\u00e9al (ECM+) produit des \u00e9v\u00e9nements musicaux multidisciplinaires d\u2018envergure et fait conna\u00eetre la cr\u00e9ation musicale canadienne \u00e0 travers le pays. \" width=\"1024\" height=\"477\" srcset=\"https:\/\/www.ludwig-van.com\/montreal\/wp-content\/uploads\/sites\/3\/2017\/10\/G14_02.jpg 1024w, https:\/\/www.ludwig-van.com\/montreal\/wp-content\/uploads\/sites\/3\/2017\/10\/G14_02-300x140.jpg 300w, https:\/\/www.ludwig-van.com\/montreal\/wp-content\/uploads\/sites\/3\/2017\/10\/G14_02-768x358.jpg 768w\" sizes=\"(max-width: 1024px) 100vw, 1024px\" \/><figcaption id=\"caption-attachment-48549\" class=\"wp-caption-text\">L\u2018Ensemble contemporain de Montr\u00e9al (ECM+) produit des \u00e9v\u00e9nements musicaux multidisciplinaires d\u2018envergure et fait conna\u00eetre la cr\u00e9ation musicale canadienne \u00e0 travers le pays.<\/figcaption><\/figure>\n<p><strong>ENSEMBLE CONTEMPORAIN DE MONTR\u00c9AL<\/strong><\/p>\n<p>L\u2018<a href=\"https:\/\/www.ludwig-van.com\/montreal\/directory\/ensemble-contemporain-de-montreal-ecm\/\" target=\"_blank\" rel=\"noopener\">Ensemble contemporain de Montr\u00e9al<\/a> (ECM+) produit des \u00e9v\u00e9nements musicaux multidisciplinaires d\u2018envergure et fait conna\u00eetre la cr\u00e9ation musicale canadienne \u00e0 travers le pays. Reconnue pour son flair et son go\u00fbt du risque, V\u00e9ronique Lacroix communique sa passion autour de fortes interpr\u00e9tations et rallie les nouvelles g\u00e9n\u00e9rations de compositeurs et d\u2018interpr\u00e8tes vers de nouveaux horizons. En plus des concerts et spectacles de sa saison r\u00e9guli\u00e8re, l\u2018ECM+ effectue tous les deux ans, depuis 2000, une tourn\u00e9e pancanadienne avec le projet G\u00e9n\u00e9ration.<\/p>\n<p>Leur prochain concert aura lieu <a href=\"https:\/\/www.ludwig-van.com\/montreal\/event\/ecm-world-new-music-days-bis\/\" target=\"_blank\" rel=\"noopener\">le 14 novembre prochain, 19 h 30, \u00e0 la salle de concert du Conservatoire de musique de Montr\u00e9al.<\/a> Au programme, des \u0153uvres d\u2019Ana Sokolovi\u0107, de Grzegorz Pieniek, de Martin Rane Bauck et d\u2019I\u00f1aki Estrada. Sous la direction de V\u00e9ronique Lacroix.<\/p>\n<p><strong>VOUS AUSSI, DEVENEZ MEMBRE!<\/strong><\/p>\n<p>Pour savoir <a href=\"https:\/\/www.ludwig-van.com\/montreal\/publicite\/\" target=\"_blank\" rel=\"noopener\">comment devenir membre de la Communaut\u00e9 musicale de Ludwig van Montr\u00e9al<\/a>, \u00e9crivez-nous \u00e0 <a href=\"mailto:caroline@ludwig-van.com\">caroline@ludwig-van.com<\/a><\/p>\n<p><strong>VOUS AVEZ AIM\u00c9 CET ARTICLE? Lisez aussi\u00a0:<\/strong><\/p>\n<p><a href=\"https:\/\/www.ludwig-van.com\/montreal\/2017\/09\/29\/nouvelle-ludwig-accueille-cioc-paramirabo\/\" target=\"_blank\" rel=\"noopener\">Ludwig van Montr\u00e9al accueille deux nouveaux membres<\/a><\/p>\n<p><a href=\"https:\/\/www.ludwig-van.com\/montreal\/2017\/09\/09\/mot-redactrice-en-chef-ludwig-van-montreal\/\" target=\"_blank\" rel=\"noopener\">Mot de la r\u00e9dactrice en chef<\/a>, par Caroline Rodgers<\/p>\n","protected":false},"excerpt":{"rendered":"<p>Deux nouveaux ensembles musicaux sont devenus membres de Ludwig cette semaine. Nous avons le plaisir d\u2019accueillir Les Bor\u00e9ades de Montr\u00e9al et l\u2019Ensemble contemporain de Montr\u00e9al parmi notre communaut\u00e9 musicale. Bienvenue!<\/p>\n","protected":false},"author":7,"featured_media":48502,"comment_status":"open","ping_status":"open","sticky":false,"template":"","format":"standard","meta":{"om_disable_all_campaigns":false,"jetpack_post_was_ever_published":false},"categories":[6439,10956,11010],"tags":[5460,13105,12452],"yst_prominent_words":[12972,13100,13097,13094,12447,12863,13093,13098,13091,13102,13103,13096,12449,9787,13085,13101,13092,13104,13099,13095],"acf":[],"jetpack_featured_media_url":"https:\/\/www.ludwig-van.com\/montreal\/wp-content\/uploads\/sites\/3\/2017\/10\/Boreades-photo-Hugo-Lefort.jpg","jetpack_sharing_enabled":true,"jetpack_shortlink":"https:\/\/wp.me\/p9bdYt-cD8","amp_enabled":true,"_links":{"self":[{"href":"https:\/\/www.ludwig-van.com\/montreal\/wp-json\/wp\/v2\/posts\/48554"}],"collection":[{"href":"https:\/\/www.ludwig-van.com\/montreal\/wp-json\/wp\/v2\/posts"}],"about":[{"href":"https:\/\/www.ludwig-van.com\/montreal\/wp-json\/wp\/v2\/types\/post"}],"author":[{"embeddable":true,"href":"https:\/\/www.ludwig-van.com\/montreal\/wp-json\/wp\/v2\/users\/7"}],"replies":[{"embeddable":true,"href":"https:\/\/www.ludwig-van.com\/montreal\/wp-json\/wp\/v2\/comments?post=48554"}],"version-history":[{"count":5,"href":"https:\/\/www.ludwig-van.com\/montreal\/wp-json\/wp\/v2\/posts\/48554\/revisions"}],"predecessor-version":[{"id":48559,"href":"https:\/\/www.ludwig-van.com\/montreal\/wp-json\/wp\/v2\/posts\/48554\/revisions\/48559"}],"wp:featuredmedia":[{"embeddable":true,"href":"https:\/\/www.ludwig-van.com\/montreal\/wp-json\/wp\/v2\/media\/48502"}],"wp:attachment":[{"href":"https:\/\/www.ludwig-van.com\/montreal\/wp-json\/wp\/v2\/media?parent=48554"}],"wp:term":[{"taxonomy":"category","embeddable":true,"href":"https:\/\/www.ludwig-van.com\/montreal\/wp-json\/wp\/v2\/categories?post=48554"},{"taxonomy":"post_tag","embeddable":true,"href":"https:\/\/www.ludwig-van.com\/montreal\/wp-json\/wp\/v2\/tags?post=48554"},{"taxonomy":"yst_prominent_words","embeddable":true,"href":"https:\/\/www.ludwig-van.com\/montreal\/wp-json\/wp\/v2\/yst_prominent_words?post=48554"}],"curies":[{"name":"wp","href":"https:\/\/api.w.org\/{rel}","templated":true}]}}