{"id":48232,"date":"2017-09-29T16:16:57","date_gmt":"2017-09-29T20:16:57","guid":{"rendered":"https:\/\/www.ludwig-van.com\/montreal\/?p=48232"},"modified":"2017-10-22T09:28:16","modified_gmt":"2017-10-22T13:28:16","slug":"messages-des-membres-appassionata-entame-sa-premiere-saison-sous-la-direction-de-jean-philippe-tremblay","status":"publish","type":"post","link":"https:\/\/www.ludwig-van.com\/montreal\/2017\/09\/29\/messages-des-membres-appassionata-entame-sa-premiere-saison-sous-la-direction-de-jean-philippe-tremblay\/","title":{"rendered":"MESSAGES DES MEMBRES | Appassionata entame sa premi\u00e8re saison sous la direction de Jean-Philippe Tremblay"},"content":{"rendered":"<figure id=\"attachment_47047\" aria-describedby=\"caption-attachment-47047\" style=\"width: 1024px\" class=\"wp-caption aligncenter\"><img decoding=\"async\" loading=\"lazy\" class=\"size-full wp-image-47047\" src=\"https:\/\/www.ludwig-van.com\/montreal\/wp-content\/uploads\/sites\/3\/2017\/09\/Jean-Philippe-Tremblay_NB_2.jpg\" alt=\"L'Orchestre Appassionata entame le 10 octobre prochain sa premi\u00e8re saison sous la direction musicale de Jean-Philippe Tremblay. (Cr\u00e9dit photo: Caroline Bergeron)\" width=\"1024\" height=\"563\" srcset=\"https:\/\/www.ludwig-van.com\/montreal\/wp-content\/uploads\/sites\/3\/2017\/09\/Jean-Philippe-Tremblay_NB_2.jpg 1024w, https:\/\/www.ludwig-van.com\/montreal\/wp-content\/uploads\/sites\/3\/2017\/09\/Jean-Philippe-Tremblay_NB_2-300x165.jpg 300w, https:\/\/www.ludwig-van.com\/montreal\/wp-content\/uploads\/sites\/3\/2017\/09\/Jean-Philippe-Tremblay_NB_2-768x422.jpg 768w\" sizes=\"(max-width: 1024px) 100vw, 1024px\" \/><figcaption id=\"caption-attachment-47047\" class=\"wp-caption-text\">L&rsquo;Orchestre Appassionata entame le 10 octobre prochain sa premi\u00e8re saison sous la direction musicale de Jean-Philippe Tremblay. (Cr\u00e9dit photo: Caroline Bergeron)<\/figcaption><\/figure>\n<p>&nbsp;<\/p>\n<p><strong>Montr\u00e9al, le 28 septembre 2017. <\/strong><strong>\u2013 <\/strong>L\u2019Orchestre de chambre Appassionata entamera dans les prochains jours sa premi\u00e8re saison compl\u00e8te sous la direction de <strong>Jean-Philippe Tremblay<\/strong>, son nouveau directeur musical. Ayant succ\u00e9d\u00e9 au fondateur et chef d\u2019orchestre Daniel Myssyk, Jean-Philippe Tremblay est \u00e9galement directeur artistique et chef principal de <a href=\"https:\/\/www.ludwig-van.com\/montreal\/directory\/orchestre-de-francophonie\/\" target=\"_blank\" rel=\"noopener\">l\u2019Orchestre de la Francophonie (OF) <\/a>depuis sa fondation en 2001. En plus de l\u2019arriv\u00e9e de Jean-Philippe Tremblay, l\u2019Orchestre Appassionata a accueilli par la m\u00eame occasion dans ses rangs un nouveau directeur g\u00e9n\u00e9ral en la personne d\u2019<strong>Alexis Pitkevicht<\/strong>, \u00e9galement en charge de l\u2019<a href=\"https:\/\/www.ludwig-van.com\/montreal\/directory\/orchestre-de-francophonie\/\" target=\"_blank\" rel=\"noopener\">OF <\/a>depuis mai dernier.<\/p>\n<p>Jeunes, dynamiques et visionnaires, les deux nouvelles t\u00eates dirigeantes d\u2019Appassionata ont \u00e0 c\u0153ur non seulement la poursuite d\u2019une excellence artistique ainsi que d\u2019un sens de l\u2019innovation hors pair, mais aussi la transmission d\u2019une adoration sans pr\u00e9c\u00e9dent pour la musique classique. Le programme de la saison 2017-2018 sera donc \u00e0 la hauteur de ces id\u00e9aux en proposant aux m\u00e9lomanes plusieurs concerts de haute qualit\u00e9. <strong>Le premier, qui a lieu le 10 octobre prochain dans l\u2019intimit\u00e9 de la Salle Bourgie,<\/strong> se veut un hommage grandiose au r\u00e9pertoire du compositeur Gustav Mahler avec l\u2019interpr\u00e9tation de la <em>5<sup>\u00e8me<\/sup> Symphonie<\/em> ainsi que les <em>Chants d\u2019un compagnon errant<\/em> mettant en vedette le t\u00e9nor <strong>Marc Hervieux<\/strong>. De plus, <em>Rideau et Fanfares<\/em>, pi\u00e8ce que le compositeur qu\u00e9b\u00e9cois <strong>Simon Bertrand<\/strong> a \u00e9crit en guise d\u2019hommage \u00e0 Mahler, ouvrira le concert.<\/p>\n<p>L\u2019ann\u00e9e 2018 se poursuivra \u00e9galement de fa\u00e7on magistrale avec la venue de deux autres spectacles d\u2019envergure qui se tiendront aussi \u00e0 la Salle Bourgie. Le 6 mars prochain constitue une invitation \u00e0 c\u00e9l\u00e9brer l\u2019h\u00e9ritage musical du fameux Wolfgang Amadeus Mozart en compagnie de la harpiste Val\u00e9rie Milot avec un concert sp\u00e9cial intitul\u00e9 <em>Mozart en 3 temps<\/em>. On pourra y entendre une adaptation pour cordes de l\u2019\u00e9nigmatique <em>Requiem<\/em> (arrangement de Lichtenthal) ainsi que du <em>Concerto pour fl\u00fbte et harpe<\/em> dans un arrangement d\u2019Antoine Bareil.<\/p>\n<p style=\"text-align: center;\"><img decoding=\"async\" loading=\"lazy\" class=\"aligncenter size-full wp-image-47017\" src=\"https:\/\/www.ludwig-van.com\/montreal\/wp-content\/uploads\/sites\/3\/2017\/09\/APPASSIONATA-logo-bg.jpg\" alt=\"\" width=\"1024\" height=\"245\" srcset=\"https:\/\/www.ludwig-van.com\/montreal\/wp-content\/uploads\/sites\/3\/2017\/09\/APPASSIONATA-logo-bg.jpg 1024w, https:\/\/www.ludwig-van.com\/montreal\/wp-content\/uploads\/sites\/3\/2017\/09\/APPASSIONATA-logo-bg-300x72.jpg 300w, https:\/\/www.ludwig-van.com\/montreal\/wp-content\/uploads\/sites\/3\/2017\/09\/APPASSIONATA-logo-bg-768x184.jpg 768w\" sizes=\"(max-width: 1024px) 100vw, 1024px\" \/><\/p>\n<p>Pour le printemps, l\u2019ensemble <a href=\"https:\/\/www.ludwig-van.com\/montreal\/directory\/appassionata\/\" target=\"_blank\" rel=\"noopener\">Appassionata<\/a> pr\u00e9pare une soir\u00e9e des plus \u00e9clectiques \u00e0 l\u2019occasion de Moussorgsky et ses Tableaux. Cet \u00e9v\u00e9nement, qui aura lieu le 8 mai prochain, pr\u00e9sentera la pi\u00e8ce <em>Tableaux d\u2019une exposition<\/em> de Modest Moussorgsky interpr\u00e9t\u00e9e par le pianiste soliste <strong>Serhiy Salov<\/strong> ainsi qu\u2019une seconde version orchestrale tout \u00e0 fait unique interpr\u00e9t\u00e9e par l\u2019Orchestre Appassionata et arrang\u00e9e par le compositeur <strong>Julian Yu<\/strong>. En guise d\u2019interm\u00e8de, la soir\u00e9e sera entrecoup\u00e9e par le r\u00e9volutionnaire <em>Concerto pour tables tournantes et orchestre<\/em> de <strong>Gabriel Prokofiev<\/strong> mettant en vedette l\u2019artiste de renomm\u00e9e internationale <strong>DJ Brace<\/strong>!<\/p>\n<p><strong>RENSEIGNEMENTS<\/strong><\/p>\n<p><a href=\"http:\/\/appassionata.ca\/fr\/accueil\/\" target=\"_blank\" rel=\"noopener\">www.appassionata.ca<\/a><\/p>\n<p>1097, rue Saint-Alexandre, Bureau 303<\/p>\n<p>Montr\u00e9al (Qu\u00e9bec) H2Z 1P8<\/p>\n<p>T\u00e9l.: (514) 388-5876<\/p>\n<p>info@appassionata.ca<\/p>\n","protected":false},"excerpt":{"rendered":"<p>L\u2019Orchestre de chambre Appassionata entamera dans les prochains jours sa premi\u00e8re saison compl\u00e8te sous la direction de Jean-Philippe Tremblay, son nouveau directeur musical. Ayant succ\u00e9d\u00e9 au fondateur et chef d\u2019orchestre Daniel Myssyk, Jean-Philippe Tremblay est \u00e9galement directeur artistique et chef principal de l\u2019Orchestre de la Francophonie (OF) depuis sa fondation en 2001. En plus de l\u2019arriv\u00e9e de Jean-Philippe Tremblay, l\u2019Orchestre Appassionata a accueilli par la m\u00eame occasion dans ses rangs un nouveau directeur g\u00e9n\u00e9ral en la personne d\u2019Alexis Pitkevicht, \u00e9galement en charge de l\u2019OF depuis mai dernier.<\/p>\n","protected":false},"author":7,"featured_media":47047,"comment_status":"open","ping_status":"open","sticky":false,"template":"","format":"standard","meta":{"om_disable_all_campaigns":false,"jetpack_post_was_ever_published":false},"categories":[6439,10956,11944],"tags":[12498,4845,12497,2265],"yst_prominent_words":[11964,12500,12499,10100,10097,9856,11678,12359,10286,9813,10291,7694,12495,11219,12502,9323,12501,10546,9956,10295],"acf":[],"jetpack_featured_media_url":"https:\/\/www.ludwig-van.com\/montreal\/wp-content\/uploads\/sites\/3\/2017\/09\/Jean-Philippe-Tremblay_NB_2.jpg","jetpack_sharing_enabled":true,"jetpack_shortlink":"https:\/\/wp.me\/p9bdYt-cxW","amp_enabled":true,"_links":{"self":[{"href":"https:\/\/www.ludwig-van.com\/montreal\/wp-json\/wp\/v2\/posts\/48232"}],"collection":[{"href":"https:\/\/www.ludwig-van.com\/montreal\/wp-json\/wp\/v2\/posts"}],"about":[{"href":"https:\/\/www.ludwig-van.com\/montreal\/wp-json\/wp\/v2\/types\/post"}],"author":[{"embeddable":true,"href":"https:\/\/www.ludwig-van.com\/montreal\/wp-json\/wp\/v2\/users\/7"}],"replies":[{"embeddable":true,"href":"https:\/\/www.ludwig-van.com\/montreal\/wp-json\/wp\/v2\/comments?post=48232"}],"version-history":[{"count":7,"href":"https:\/\/www.ludwig-van.com\/montreal\/wp-json\/wp\/v2\/posts\/48232\/revisions"}],"predecessor-version":[{"id":49085,"href":"https:\/\/www.ludwig-van.com\/montreal\/wp-json\/wp\/v2\/posts\/48232\/revisions\/49085"}],"wp:featuredmedia":[{"embeddable":true,"href":"https:\/\/www.ludwig-van.com\/montreal\/wp-json\/wp\/v2\/media\/47047"}],"wp:attachment":[{"href":"https:\/\/www.ludwig-van.com\/montreal\/wp-json\/wp\/v2\/media?parent=48232"}],"wp:term":[{"taxonomy":"category","embeddable":true,"href":"https:\/\/www.ludwig-van.com\/montreal\/wp-json\/wp\/v2\/categories?post=48232"},{"taxonomy":"post_tag","embeddable":true,"href":"https:\/\/www.ludwig-van.com\/montreal\/wp-json\/wp\/v2\/tags?post=48232"},{"taxonomy":"yst_prominent_words","embeddable":true,"href":"https:\/\/www.ludwig-van.com\/montreal\/wp-json\/wp\/v2\/yst_prominent_words?post=48232"}],"curies":[{"name":"wp","href":"https:\/\/api.w.org\/{rel}","templated":true}]}}