{"id":48218,"date":"2017-09-29T19:08:51","date_gmt":"2017-09-29T23:08:51","guid":{"rendered":"https:\/\/www.ludwig-van.com\/montreal\/?p=48218"},"modified":"2017-10-01T23:06:08","modified_gmt":"2017-10-02T03:06:08","slug":"nouvelle-ludwig-accueille-cioc-paramirabo","status":"publish","type":"post","link":"https:\/\/www.ludwig-van.com\/montreal\/2017\/09\/29\/nouvelle-ludwig-accueille-cioc-paramirabo\/","title":{"rendered":"NOUVELLE | Ludwig van Montr\u00e9al accueille deux nouveaux membres"},"content":{"rendered":"<figure id=\"attachment_48153\" aria-describedby=\"caption-attachment-48153\" style=\"width: 1024px\" class=\"wp-caption aligncenter\"><img decoding=\"async\" loading=\"lazy\" class=\"size-full wp-image-48153\" src=\"https:\/\/www.ludwig-van.com\/montreal\/wp-content\/uploads\/sites\/3\/2017\/09\/CIOC-Oct-17-2014-Paul-Eifert-37.jpg\" alt=\"Quatre nouveaux organismes musicaux se sont joints r\u00e9cemment \u00e0 la communaut\u00e9 musicale de Ludwig van Montr\u00e9al. Il s'agit (par ordre alphab\u00e9tique) du Concours international d'orgue du Canada, de l'Ensemble contemporain de Montr\u00e9al, de l'Ensemble Paramaribo, du Quatuor Molinari et de l'Ensemble contemporain de Montr\u00e9al. (Cr\u00e9dit photo: Paul Eifert)\" width=\"1024\" height=\"713\" srcset=\"https:\/\/www.ludwig-van.com\/montreal\/wp-content\/uploads\/sites\/3\/2017\/09\/CIOC-Oct-17-2014-Paul-Eifert-37.jpg 1024w, https:\/\/www.ludwig-van.com\/montreal\/wp-content\/uploads\/sites\/3\/2017\/09\/CIOC-Oct-17-2014-Paul-Eifert-37-300x209.jpg 300w, https:\/\/www.ludwig-van.com\/montreal\/wp-content\/uploads\/sites\/3\/2017\/09\/CIOC-Oct-17-2014-Paul-Eifert-37-768x535.jpg 768w\" sizes=\"(max-width: 1024px) 100vw, 1024px\" \/><figcaption id=\"caption-attachment-48153\" class=\"wp-caption-text\">Deux nouveaux membres se sont joints r\u00e9cemment \u00e0 la communaut\u00e9 musicale de Ludwig van Montr\u00e9al. Il s&rsquo;agit (par ordre alphab\u00e9tique) du Concours international d&rsquo;orgue du Canada et de l&rsquo;Ensemble Paramirabo. (Cr\u00e9dit photo: Paul Eifert)<\/figcaption><\/figure>\n<p>Deux nouveaux membres se sont joints r\u00e9cemment \u00e0 la communaut\u00e9 musicale de Ludwig van Montr\u00e9al. Il s&rsquo;agit (par ordre alphab\u00e9tique) du <a href=\"https:\/\/www.ludwig-van.com\/montreal\/directory\/concours-international-dorgue-canada-cioc-canadian-international-organ-competition\/\" target=\"_blank\" rel=\"noopener\">Concours international d&rsquo;orgue du Canada<\/a>, et de l&rsquo;<a href=\"https:\/\/www.ludwig-van.com\/montreal\/directory\/ensemble-paramirabo\/\" target=\"_blank\" rel=\"noopener\">Ensemble Paramaribo.\u00a0<\/a>Nous leur souhaitons la bienvenue et nous invitons nos lecteurs \u00e0 d\u00e9couvrir leurs pages-membres pour conna\u00eetre leurs \u00e9v\u00e9nements et activit\u00e9s \u00e0 venir.<\/p>\n<p>&nbsp;<\/p>\n<p><img decoding=\"async\" loading=\"lazy\" class=\"aligncenter size-full wp-image-48157\" src=\"https:\/\/www.ludwig-van.com\/montreal\/wp-content\/uploads\/sites\/3\/2017\/09\/CIOC-logo-bg.jpg\" alt=\"\" width=\"1024\" height=\"289\" srcset=\"https:\/\/www.ludwig-van.com\/montreal\/wp-content\/uploads\/sites\/3\/2017\/09\/CIOC-logo-bg.jpg 1024w, https:\/\/www.ludwig-van.com\/montreal\/wp-content\/uploads\/sites\/3\/2017\/09\/CIOC-logo-bg-300x85.jpg 300w, https:\/\/www.ludwig-van.com\/montreal\/wp-content\/uploads\/sites\/3\/2017\/09\/CIOC-logo-bg-768x217.jpg 768w\" sizes=\"(max-width: 1024px) 100vw, 1024px\" \/><\/p>\n<p>&nbsp;<\/p>\n<p><strong>CONCOURS INTERNATIONAL D&rsquo;ORGUE DE MONTR\u00c9AL<\/strong><\/p>\n<p>Le <a href=\"https:\/\/www.ludwig-van.com\/montreal\/directory\/concours-international-dorgue-canada-cioc-canadian-international-organ-competition\/\" target=\"_blank\" rel=\"noopener\">Concours international d&rsquo;orgue de Montr\u00e9al<\/a>, qui en est \u00e0 sa quatri\u00e8me \u00e9dition, se d\u00e9roulera cette ann\u00e9e du 6 au 21 octobre. Une vingtaine de candidats s&rsquo;affronteront devant public. De plus, une vaste programmation de concerts et d&rsquo;activit\u00e9s est pr\u00e9vue. Le coup d&rsquo;envoi sera donn\u00e9 par un grand concert intitul\u00e9 <strong>L&rsquo;orgue autrement<\/strong>, avec les organistes <strong>Jean-Willy Kunz<\/strong> et <strong>Christian Lane<\/strong> en compagnie du chanteur montr\u00e9alais <strong>Leif Vollebekk<\/strong>, \u00e0 la <a href=\"https:\/\/www.ludwig-van.com\/montreal\/event\/osm-lorgue-autrement\/\" target=\"_blank\" rel=\"noopener\">Maison symphonique, le 6 octobre, \u00e0 19 h<\/a>. Les \u00e9preuves \u00e9liminatoires auront lieu sur les orgues de l&rsquo;\u00e9glise de l&rsquo;Immacul\u00e9e-Conception, de l&rsquo;\u00e9glise St-Jean-Baptiste et de la Basilique Notre-Dame-de-Montr\u00e9al. Le concert-gala final, en collaboration avec l&rsquo;<a href=\"https:\/\/www.ludwig-van.com\/montreal\/directory\/orchestre-symphonique-de-montreal\/\" target=\"_blank\" rel=\"noopener\">Orchestre symphonique de Montr\u00e9al, <\/a>permettra d&rsquo;entendre les laur\u00e9ats sur le Grand Orgue Pierre-B\u00e9ique de l&rsquo;OSM.<\/p>\n<p>Pour plus de d\u00e9tails sur la <strong>programmation<\/strong>, visitez <a href=\"https:\/\/www.ludwig-van.com\/montreal\/directory\/concours-international-dorgue-canada-cioc-canadian-international-organ-competition\/\" target=\"_blank\" rel=\"noopener\">la page-membre du CIOC<\/a> et consultez le <a href=\"https:\/\/www.ludwig-van.com\/montreal\/events\/2017-10\/\" target=\"_blank\" rel=\"noopener\">calendrier d&rsquo;\u00e9v\u00e9nements de Ludwig van Montr\u00e9al.<\/a><\/p>\n<p>&nbsp;<\/p>\n<figure id=\"attachment_48133\" aria-describedby=\"caption-attachment-48133\" style=\"width: 1024px\" class=\"wp-caption aligncenter\"><img decoding=\"async\" loading=\"lazy\" class=\"size-full wp-image-48133\" src=\"https:\/\/www.ludwig-van.com\/montreal\/wp-content\/uploads\/sites\/3\/2017\/09\/Photo-3-1.jpg\" alt=\"Ensemble Paramirabo se pr\u00e9sente comme une voix pour la diffusion de la musique d\u2019aujourd\u2019hui et pour la promotion des compositeurs \u00e9mergents tout en repoussant les limites de l\u2019exp\u00e9rience du concert traditionnel. \" width=\"1024\" height=\"416\" srcset=\"https:\/\/www.ludwig-van.com\/montreal\/wp-content\/uploads\/sites\/3\/2017\/09\/Photo-3-1.jpg 1024w, https:\/\/www.ludwig-van.com\/montreal\/wp-content\/uploads\/sites\/3\/2017\/09\/Photo-3-1-300x122.jpg 300w, https:\/\/www.ludwig-van.com\/montreal\/wp-content\/uploads\/sites\/3\/2017\/09\/Photo-3-1-768x312.jpg 768w\" sizes=\"(max-width: 1024px) 100vw, 1024px\" \/><figcaption id=\"caption-attachment-48133\" class=\"wp-caption-text\">Ensemble Paramirabo se pr\u00e9sente comme une voix pour la diffusion de la musique d\u2019aujourd\u2019hui et pour la promotion des compositeurs \u00e9mergents tout en repoussant les limites de l\u2019exp\u00e9rience du concert traditionnel.<\/figcaption><\/figure>\n<p><strong>ENSEMBLE PARAMIRABO<\/strong><\/p>\n<p>Notre second nouveau membre, l&rsquo;<a href=\"https:\/\/www.ludwig-van.com\/montreal\/directory\/ensemble-paramirabo\/\" target=\"_blank\" rel=\"noopener\">Ensemble Paramirabo<\/a>, se pr\u00e9sente comme<strong> \u00ab\u00a0<\/strong><em>une voix pour la diffusion de la musique d\u2019aujourd\u2019hui et pour la promotion des compositeurs \u00e9mergents tout en repoussant les limites de l\u2019exp\u00e9rience du concert traditionnel. En tant qu\u2019instigateur d\u2019\u00e9v\u00e9nements novateurs, il permet \u00e0 de jeunes compositeurs de parfaire leur marque dans le milieu de la musique nouvelle montr\u00e9alaise et leur offre un tremplin pour les pr\u00e9senter \u00e0 l\u2019\u00e9tranger<\/em>.\u00a0\u00bb <strong>Jeffrey Stonehouse<\/strong>, fl\u00fbtiste de l\u2019ensemble, est le directeur artistique depuis sa fondation. Les autres musiciens du groupe sont <strong>Victor Alibert<\/strong> (clarinette), <strong>Genevi\u00e8ve Liboiron<\/strong> (violon), <strong>Viviana Gosselin<\/strong> (violoncelle), <strong>Daniel Anez<\/strong> (piano), et <strong>David Therrien Brongo<\/strong> (percussions). Le nom de Paramirabo vient du titre d&rsquo;une pi\u00e8ce du compositeur qu\u00e9b\u00e9cois Claude Vivier.<\/p>\n<p><a href=\"https:\/\/www.ludwig-van.com\/montreal\/event\/paramirabo-regards-croises\/\" target=\"_blank\" rel=\"noopener\">Regards crois\u00e9s, le prochain concert<\/a> de l&rsquo;<a href=\"https:\/\/www.ludwig-van.com\/montreal\/directory\/ensemble-paramirabo\/\" target=\"_blank\" rel=\"noopener\">Ensemble Paramirabo<\/a> aura lieu le 1er novembre prochain, 20 h, \u00e0 la <a href=\"https:\/\/www.ludwig-van.com\/montreal\/directory\/chapelle-historique-pasteur\/\" target=\"_blank\" rel=\"noopener\">Chapelle historique du Bon-Pasteur<\/a>. On pourra entendre des cr\u00e9ations des compositeurs <strong>Jimmie Leblanc<\/strong> et <strong>Alexandre David<\/strong>, ainsi que des oeuvres d&rsquo;Arnold Schoenberg. Pour en savoir plus, consultez <a href=\"https:\/\/www.ludwig-van.com\/montreal\/directory\/ensemble-paramirabo\/\" target=\"_blank\" rel=\"noopener\">la page-membre de l&rsquo;Ensemble Paramirabo<\/a>.<\/p>\n<p><strong>VOUS AUSSI, DEVENEZ MEMBRE!<\/strong><\/p>\n<p>Pour savoir <a href=\"https:\/\/www.ludwig-van.com\/montreal\/publicite\/\" target=\"_blank\" rel=\"noopener\">comment devenir membre de la Communaut\u00e9 musicale de Ludwig van Montr\u00e9al<\/a>, \u00e9crivez-nous \u00e0 caroline@ludwig-van.com<\/p>\n<p><strong>VOUS AVEZ AIM\u00c9 CET ARTICLE? Lisez aussi:<\/strong><\/p>\n<p><a href=\"https:\/\/www.ludwig-van.com\/montreal\/2017\/09\/09\/mot-redactrice-en-chef-ludwig-van-montreal\/\" target=\"_blank\" rel=\"noopener\">Mot de la r\u00e9dactrice en chef, <\/a>par Caroline Rodgers<\/p>\n<p><a href=\"https:\/\/www.ludwig-van.com\/montreal\/2017\/09\/27\/choix-de-la-redaction-concerts-incontournables-de-lautomne-quatrieme-partie\/\" target=\"_blank\" rel=\"noopener\">Choix de la r\u00e9daction: Seize incontournables de l&rsquo;automne, quatri\u00e8me partie<\/a>, par Caroline Rodgers<\/p>\n<p>&nbsp;<\/p>\n<p>&nbsp;<\/p>\n<p>&nbsp;<\/p>\n<p><strong>\u00a0<\/strong><\/p>\n<p>&nbsp;<\/p>\n<p>&nbsp;<\/p>\n<p>&nbsp;<\/p>\n<p>&nbsp;<\/p>\n<p>&nbsp;<\/p>\n<p>&nbsp;<\/p>\n","protected":false},"excerpt":{"rendered":"<p>Deux nouveaux organismes musicaux se sont joints r\u00e9cemment \u00e0 la communaut\u00e9 musicale de Ludwig van Montr\u00e9al. Il s&rsquo;agit (par ordre alphab\u00e9tique) du Concours international d&rsquo;orgue du Canada, et de l&rsquo;Ensemble Paramaribo. Nous leur souhaitons la bienvenue et nous invitons nos lecteurs \u00e0 d\u00e9couvrir leurs pages-membres pour conna\u00eetre leurs \u00e9v\u00e9nements et activit\u00e9s \u00e0 venir.<\/p>\n","protected":false},"author":51,"featured_media":48153,"comment_status":"open","ping_status":"open","sticky":false,"template":"","format":"standard","meta":{"om_disable_all_campaigns":false,"jetpack_post_was_ever_published":false},"categories":[6439,10956,11010],"tags":[12451,12511,1166,12452],"yst_prominent_words":[12466,12456,12462,12453,12508,12253,12505,12250,12507,12506,12252,12510,9787,12463,12454,12465,12455,12512,12509,12464],"acf":[],"jetpack_featured_media_url":"https:\/\/www.ludwig-van.com\/montreal\/wp-content\/uploads\/sites\/3\/2017\/09\/CIOC-Oct-17-2014-Paul-Eifert-37.jpg","jetpack_sharing_enabled":true,"jetpack_shortlink":"https:\/\/wp.me\/p9bdYt-cxI","amp_enabled":true,"_links":{"self":[{"href":"https:\/\/www.ludwig-van.com\/montreal\/wp-json\/wp\/v2\/posts\/48218"}],"collection":[{"href":"https:\/\/www.ludwig-van.com\/montreal\/wp-json\/wp\/v2\/posts"}],"about":[{"href":"https:\/\/www.ludwig-van.com\/montreal\/wp-json\/wp\/v2\/types\/post"}],"author":[{"embeddable":true,"href":"https:\/\/www.ludwig-van.com\/montreal\/wp-json\/wp\/v2\/users\/51"}],"replies":[{"embeddable":true,"href":"https:\/\/www.ludwig-van.com\/montreal\/wp-json\/wp\/v2\/comments?post=48218"}],"version-history":[{"count":10,"href":"https:\/\/www.ludwig-van.com\/montreal\/wp-json\/wp\/v2\/posts\/48218\/revisions"}],"predecessor-version":[{"id":48241,"href":"https:\/\/www.ludwig-van.com\/montreal\/wp-json\/wp\/v2\/posts\/48218\/revisions\/48241"}],"wp:featuredmedia":[{"embeddable":true,"href":"https:\/\/www.ludwig-van.com\/montreal\/wp-json\/wp\/v2\/media\/48153"}],"wp:attachment":[{"href":"https:\/\/www.ludwig-van.com\/montreal\/wp-json\/wp\/v2\/media?parent=48218"}],"wp:term":[{"taxonomy":"category","embeddable":true,"href":"https:\/\/www.ludwig-van.com\/montreal\/wp-json\/wp\/v2\/categories?post=48218"},{"taxonomy":"post_tag","embeddable":true,"href":"https:\/\/www.ludwig-van.com\/montreal\/wp-json\/wp\/v2\/tags?post=48218"},{"taxonomy":"yst_prominent_words","embeddable":true,"href":"https:\/\/www.ludwig-van.com\/montreal\/wp-json\/wp\/v2\/yst_prominent_words?post=48218"}],"curies":[{"name":"wp","href":"https:\/\/api.w.org\/{rel}","templated":true}]}}