{"id":47969,"date":"2017-09-26T08:21:55","date_gmt":"2017-09-26T12:21:55","guid":{"rendered":"https:\/\/www.ludwig-van.com\/montreal\/?p=47969"},"modified":"2017-09-26T08:21:55","modified_gmt":"2017-09-26T12:21:55","slug":"tournee-pancanadienne-releve-2019-2020","status":"publish","type":"post","link":"https:\/\/www.ludwig-van.com\/montreal\/2017\/09\/26\/tournee-pancanadienne-releve-2019-2020\/","title":{"rendered":"MESSAGES DES MEMBRES | Une tourn\u00e9e pancanadienne pour la rel\u00e8ve en 2019-2020"},"content":{"rendered":"<figure id=\"attachment_47971\" aria-describedby=\"caption-attachment-47971\" style=\"width: 1024px\" class=\"wp-caption aligncenter\"><img decoding=\"async\" loading=\"lazy\" class=\"size-full wp-image-47971\" src=\"https:\/\/www.ludwig-van.com\/montreal\/wp-content\/uploads\/sites\/3\/2017\/09\/Affiche-auditionMOD.jpg\" alt=\"Debut Atlantic, les Jeunesses Musicales Canada et Prairie Debut conjugueront leurs forces afin de mettre sur pied une tourn\u00e9e qui traversera le pays. Les candidat-e-s int\u00e9ress\u00e9-e-s devront faire parvenir leur dossier \u00e9lectronique aux Jeunesses Musicales Canada, qui assureront la r\u00e9ception des candidatures au nom des trois organismes, qui prendront une d\u00e9cision conjointe quant \u00e0 la s\u00e9lection des candidatures. \" width=\"1024\" height=\"1325\" srcset=\"https:\/\/www.ludwig-van.com\/montreal\/wp-content\/uploads\/sites\/3\/2017\/09\/Affiche-auditionMOD.jpg 1024w, https:\/\/www.ludwig-van.com\/montreal\/wp-content\/uploads\/sites\/3\/2017\/09\/Affiche-auditionMOD-232x300.jpg 232w, https:\/\/www.ludwig-van.com\/montreal\/wp-content\/uploads\/sites\/3\/2017\/09\/Affiche-auditionMOD-768x994.jpg 768w, https:\/\/www.ludwig-van.com\/montreal\/wp-content\/uploads\/sites\/3\/2017\/09\/Affiche-auditionMOD-791x1024.jpg 791w\" sizes=\"(max-width: 1024px) 100vw, 1024px\" \/><figcaption id=\"caption-attachment-47971\" class=\"wp-caption-text\">Debut Atlantic, les Jeunesses Musicales Canada et Prairie Debut conjugueront leurs forces afin de mettre sur pied une tourn\u00e9e qui traversera le pays. Les candidat-e-s int\u00e9ress\u00e9-e-s devront faire parvenir leur dossier \u00e9lectronique aux Jeunesses Musicales Canada, qui assureront la r\u00e9ception des candidatures au nom des trois organismes, qui prendront une d\u00e9cision conjointe quant \u00e0 la s\u00e9lection des candidatures.<\/figcaption><\/figure>\n<p><strong>Montr\u00e9al, le 8 septembre 2017 \u2013 Trois organismes canadiens sp\u00e9cialis\u00e9s en musique classique s\u2019allient afin d\u2019offrir \u00e0 un-e artiste ou \u00e0 une formation canadien-ne de la rel\u00e8ve une tourn\u00e9e pancanadienne en 2019-2020. <\/strong><\/p>\n<p><a href=\"http:\/\/www.debutatlantic.ca\/\" target=\"_blank\" rel=\"noopener\"><strong>Debut Atlantic<\/strong><\/a>, les <a href=\"https:\/\/www.ludwig-van.com\/montreal\/directory\/jeunesses-musicales-canada\/\" target=\"_blank\" rel=\"noopener\"><strong>Jeunesses Musicales Canada<\/strong><\/a> et <a href=\"http:\/\/www.prairiedebut.com\/\" target=\"_blank\" rel=\"noopener\"><strong>Prairie Debut<\/strong><\/a> conjugueront leurs forces afin de mettre sur pied une tourn\u00e9e qui traversera le pays. \u00ab\u00a0Ce sera une premi\u00e8re collaboration pour nos trois organismes, et une opportunit\u00e9 en or pour les jeunes artistes canadiens\u00a0\u00bb, confie Mhiran Faraday, directrice g\u00e9n\u00e9rale de Debut Atlantic.<\/p>\n<p>Cette initiative des trois organismes permettra par ailleurs de c\u00e9l\u00e9brer deux anniversaires importants\u00a0: le 70<sup>e<\/sup> des Jeunesses Musicales Canada et le 40<sup>e<\/sup> de Prairie Debut. \u00ab\u00a0C\u2019est un jalon consid\u00e9rable pour les JMC et nous sommes tr\u00e8s heureux de le souligner avec une collaboration de cette envergure\u00a0\u00bb, affirme Dani\u00e8le LeBlanc, directrice g\u00e9n\u00e9rale et artistique des Jeunesses Musicales Canada.<\/p>\n<p>La tourn\u00e9e, qui se d\u00e9ploiera de septembre 2019 \u00e0 avril 2020, comportera pr\u00e8s d\u2019une quarantaine de concerts \u00e0 travers 10 provinces et territoires. \u00ab\u00a0Les artistes de la rel\u00e8ve ont rarement la chance de participer \u00e0 une tourn\u00e9e de cette ampleur. Nous esp\u00e9rons offrir une opportunit\u00e9 exceptionnelle \u00e0 un-e artiste ou \u00e0 une formation exceptionnelle\u00a0\u00bb, ajoute Po Yeh, directrice g\u00e9n\u00e9rale de Prairie Debut.<\/p>\n<p>Les candidat-e-s int\u00e9ress\u00e9-e-s devront <strong>faire parvenir leur dossier \u00e9lectronique aux Jeunesses Musicales Canada<\/strong>, qui assureront la r\u00e9ception des candidatures au nom des trois organismes, qui prendront une d\u00e9cision conjointe quant \u00e0 la s\u00e9lection des candidatures. Tous les dossiers devront \u00eatre re\u00e7us <strong>avant le 20 octobre 2017. <\/strong>Les candidat-e-s devront \u00eatre citoyen-ne-s canadien-ne-s ou r\u00e9sident-e-s permanent-e-s et ne devront jamais avoir fait de tourn\u00e9e avec l\u2019un des trois organismes. Les crit\u00e8res de s\u00e9lection d\u00e9taill\u00e9s ainsi que le formulaire d\u2019inscription et la liste des documents \u00e0 fournir sont disponibles sur le site Internet des Jeunesses Musicales Canada, au <a href=\"http:\/\/www.jmcanada.ca\/fr\/p\/decouvrez-les-jmc\/les-jmc\/auditions\">http:\/\/www.jmcanada.ca\/fr\/p\/decouvrez-les-jmc\/les-jmc\/auditions<\/a>.<\/p>\n<p><strong>\u00c0 PROPOS DE DEBUT ATLANTIC<\/strong><\/p>\n<p>Depuis 1979, Debut Atlantic permet \u00e0 des artistes exceptionnels en musique classique de jouer dans les communaut\u00e9s des Maritimes. En programmant des saisons de cinq tourn\u00e9es mettant en vedette principalement des artistes de la rel\u00e8ve, l&rsquo;organisme permet aux diffuseurs de pr\u00e9senter facilement des concerts de haut calibre \u00e0 travers les provinces Maritimes. Debut Atlantic s&rsquo;engage \u00e9galement \u00e0 produire des activit\u00e9s \u00e9ducatives et de m\u00e9diation culturelle, en plus d&rsquo;offrir une bourse annuelle \u00e0 un \u00e9l\u00e8ve de niveau secondaire exceptionnel dans les Maritimes.<\/p>\n<p>&nbsp;<\/p>\n<p><strong>\u00c0 PROPOS DES JEUNESSES MUSICALES CANADA<\/strong><\/p>\n<p>Les Jeunesses Musicales Canada (JMC), c\u2019est un incubateur de talent qui propulse les carri\u00e8res des meilleurs artistes de la rel\u00e8ve et contribue \u00e0 d\u00e9mocratiser la musique classique aupr\u00e8s de publics de tous \u00e2ges. Une saison des JMC repr\u00e9sente aujourd\u2019hui plus de 1200 activit\u00e9s musicales diffus\u00e9es \u00e0 travers le Canada, qu\u2019il s\u2019agisse de concerts de haut calibre ou d\u2019activit\u00e9s musicales stimulantes pour les jeunes.<\/p>\n<p>&nbsp;<\/p>\n<p><strong>\u00c0 PROPOS DE PRAIRIE DEBUT<\/strong><\/p>\n<p>Prairie Debut permet aux petites communaut\u00e9s de l&rsquo;Ouest du Canada de recevoir les meilleurs musiciens canadiens. De cette mani\u00e8re, l&rsquo;organisme contribue \u00e0 l&rsquo;enrichissement des communaut\u00e9s et au d\u00e9veloppement des publics et de la rel\u00e8ve. Depuis sa premi\u00e8re saison en 1997, Prairie Debut a produit 54 tourn\u00e9es autour des musiques du monde et classique, permettant \u00e0 142 artistes de jouer dans plus de 80 communaut\u00e9s \u00e0 travers la r\u00e9gion. Avec plus de 600 concerts et des centaines d&rsquo;activit\u00e9s de m\u00e9diation culturelle, Prairie Debut a un impact incroyable sur le d\u00e9veloppement de carri\u00e8re des artistes et sur l&rsquo;enrichissement des communaut\u00e9s de l&rsquo;Ouest du Canada.<\/p>\n","protected":false},"excerpt":{"rendered":"<p>Montr\u00e9al, le 8 septembre 2017 \u2013 Trois organismes canadiens sp\u00e9cialis\u00e9s en musique classique s\u2019allient afin d\u2019offrir \u00e0 un-e artiste ou \u00e0 une formation canadien-ne de la rel\u00e8ve une tourn\u00e9e pancanadienne en 2019-2020. <\/p>\n","protected":false},"author":7,"featured_media":47970,"comment_status":"open","ping_status":"open","sticky":false,"template":"","format":"standard","meta":{"om_disable_all_campaigns":false,"jetpack_post_was_ever_published":false},"categories":[6439,11944],"tags":[11959,11958,11960,11728],"yst_prominent_words":[11933,11954,11957,11946,11949,11932,11934,11956,11945,11951,11952,11953,10321,10306,11947,10322,11948,11931,11950,11955],"acf":[],"jetpack_featured_media_url":"https:\/\/www.ludwig-van.com\/montreal\/wp-content\/uploads\/sites\/3\/2017\/09\/Nouvelle-tourn\u00e9e-pancanadienne1.jpg","jetpack_sharing_enabled":true,"jetpack_shortlink":"https:\/\/wp.me\/p9bdYt-ctH","amp_enabled":true,"_links":{"self":[{"href":"https:\/\/www.ludwig-van.com\/montreal\/wp-json\/wp\/v2\/posts\/47969"}],"collection":[{"href":"https:\/\/www.ludwig-van.com\/montreal\/wp-json\/wp\/v2\/posts"}],"about":[{"href":"https:\/\/www.ludwig-van.com\/montreal\/wp-json\/wp\/v2\/types\/post"}],"author":[{"embeddable":true,"href":"https:\/\/www.ludwig-van.com\/montreal\/wp-json\/wp\/v2\/users\/7"}],"replies":[{"embeddable":true,"href":"https:\/\/www.ludwig-van.com\/montreal\/wp-json\/wp\/v2\/comments?post=47969"}],"version-history":[{"count":2,"href":"https:\/\/www.ludwig-van.com\/montreal\/wp-json\/wp\/v2\/posts\/47969\/revisions"}],"predecessor-version":[{"id":47973,"href":"https:\/\/www.ludwig-van.com\/montreal\/wp-json\/wp\/v2\/posts\/47969\/revisions\/47973"}],"wp:featuredmedia":[{"embeddable":true,"href":"https:\/\/www.ludwig-van.com\/montreal\/wp-json\/wp\/v2\/media\/47970"}],"wp:attachment":[{"href":"https:\/\/www.ludwig-van.com\/montreal\/wp-json\/wp\/v2\/media?parent=47969"}],"wp:term":[{"taxonomy":"category","embeddable":true,"href":"https:\/\/www.ludwig-van.com\/montreal\/wp-json\/wp\/v2\/categories?post=47969"},{"taxonomy":"post_tag","embeddable":true,"href":"https:\/\/www.ludwig-van.com\/montreal\/wp-json\/wp\/v2\/tags?post=47969"},{"taxonomy":"yst_prominent_words","embeddable":true,"href":"https:\/\/www.ludwig-van.com\/montreal\/wp-json\/wp\/v2\/yst_prominent_words?post=47969"}],"curies":[{"name":"wp","href":"https:\/\/api.w.org\/{rel}","templated":true}]}}