{"id":78300,"global_id":"www.ludwig-van.com\/montreal?id=78300","global_id_lineage":["www.ludwig-van.com\/montreal?id=78300"],"author":"1","status":"publish","date":"2023-10-10 17:20:16","date_utc":"2023-10-10 21:20:16","modified":"2023-10-10 17:20:16","modified_utc":"2023-10-10 21:20:16","url":"https:\/\/www.ludwig-van.com\/montreal\/event\/festival-bach-capella-cracoviensis\/","rest_url":"https:\/\/www.ludwig-van.com\/montreal\/wp-json\/tribe\/events\/v1\/events\/78300","title":"Festival Bach | Capella Cracoviensis","description":"<p>Fond\u00e9e en 1970 \u00e0 Cracovie par le compositeur, musicologue et chef d\u2019orchestre Stanis\u0142aw Ga\u0142o\u0144ski, la Capella Cracoviensis comprend un ensemble jouant sur instrument d\u2019\u00e9poque et un ch\u0153ur de chambre. Se sp\u00e9cialisant dans le r\u00e9pertoire de la Renaissance, du baroque polonais et de la musique de chambre classique, l\u2019ensemble est consid\u00e9r\u00e9 comme l\u2019un des plus important et remarquable de Pologne.<\/p>","excerpt":"<p>Fond\u00e9e en 1970 \u00e0 Cracovie par le compositeur, musicologue et chef d\u2019orchestre Stanis\u0142aw Ga\u0142o\u0144ski, la Capella Cracoviensis comprend un ensemble jouant sur instrument d\u2019\u00e9poque et un ch\u0153ur de chambre.<\/p>","slug":"festival-bach-capella-cracoviensis","image":{"url":"https:\/\/www.ludwig-van.com\/montreal\/wp-content\/uploads\/sites\/3\/2023\/10\/Capella-Cracoviensis.jpg","id":78301,"extension":"jpg","width":1200,"height":800,"filesize":206762,"sizes":{"medium":{"width":"300","height":"200","mime-type":"image\/jpeg","filesize":"27042","url":"https:\/\/www.ludwig-van.com\/montreal\/wp-content\/uploads\/sites\/3\/2023\/10\/Capella-Cracoviensis-300x200.jpg"},"large":{"width":"1024","height":"683","mime-type":"image\/jpeg","filesize":"197141","url":"https:\/\/www.ludwig-van.com\/montreal\/wp-content\/uploads\/sites\/3\/2023\/10\/Capella-Cracoviensis-1024x683.jpg"},"thumbnail":{"width":"150","height":"150","mime-type":"image\/jpeg","filesize":"11983","url":"https:\/\/www.ludwig-van.com\/montreal\/wp-content\/uploads\/sites\/3\/2023\/10\/Capella-Cracoviensis-150x150.jpg"},"medium_large":{"width":"768","height":"512","mime-type":"image\/jpeg","filesize":"124622","url":"https:\/\/www.ludwig-van.com\/montreal\/wp-content\/uploads\/sites\/3\/2023\/10\/Capella-Cracoviensis-768x512.jpg"}}},"all_day":false,"start_date":"2023-11-24 19:30:00","start_date_details":{"year":"2023","month":"11","day":"24","hour":"19","minutes":"30","seconds":"00"},"end_date":"2023-11-24 21:30:00","end_date_details":{"year":"2023","month":"11","day":"24","hour":"21","minutes":"30","seconds":"00"},"utc_start_date":"2023-11-25 00:30:00","utc_start_date_details":{"year":"2023","month":"11","day":"25","hour":"00","minutes":"30","seconds":"00"},"utc_end_date":"2023-11-25 02:30:00","utc_end_date_details":{"year":"2023","month":"11","day":"25","hour":"02","minutes":"30","seconds":"00"},"timezone":"America\/Toronto","timezone_abbr":"EST","cost":"65$","cost_details":{"currency_symbol":"$","currency_position":"suffix","values":["65"]},"website":"https:\/\/festivalbachmontreal.com\/concerts\/capella-cracoviensis\/?axeptio_token=ogtkam7tpkf8x4mxdi2bil","show_map":true,"show_map_link":true,"hide_from_listings":false,"sticky":false,"featured":false,"categories":[{"name":"Period ensemble","slug":"period-ensemble","term_group":0,"term_taxonomy_id":5094,"taxonomy":"tribe_events_cat","description":"","parent":0,"count":267,"filter":"raw","id":5053,"urls":{"self":"https:\/\/www.ludwig-van.com\/montreal\/wp-json\/tribe\/events\/v1\/categories\/5053","collection":"https:\/\/www.ludwig-van.com\/montreal\/wp-json\/tribe\/events\/v1\/categories"}}],"tags":[],"venue":{"id":48887,"author":"1","status":"publish","date":"2017-10-17 19:21:50","date_utc":"2017-10-17 23:21:50","modified":"2017-10-17 19:21:50","modified_utc":"2017-10-17 23:21:50","url":"https:\/\/www.ludwig-van.com\/montreal\/lieu\/eglise-st-andrew-st-paul\/","venue":"\u00c9glise St. Andrew &#038; St. Paul","slug":"eglise-st-andrew-st-paul","address":"3415, Rue Redpath (entr\u00e9e sur Sherbrooke)","city":"Montr\u00e9al","country":"Canada","province":"Qu\u00e9bec","zip":"H3G 2G2","phone":"(514) 842-3431","website":"http:\/\/www.standrewstpaul.com","stateprovince":"Qu\u00e9bec","geo_lat":45.498342,"geo_lng":-73.5809527,"json_ld":{"@type":"Place","name":"\u00c9glise St. Andrew &#038; St. Paul","description":"","url":"https:\/\/www.ludwig-van.com\/montreal\/lieu\/eglise-st-andrew-st-paul\/","address":{"@type":"PostalAddress","streetAddress":"3415, Rue Redpath (entr\u00e9e sur Sherbrooke)","addressLocality":"Montr\u00e9al","addressRegion":"Qu\u00e9bec","postalCode":"H3G 2G2","addressCountry":"Canada"},"geo":{"@type":"GeoCoordinates","latitude":45.498342,"longitude":-73.5809527},"telephone":"(514) 842-3431","sameAs":"http:\/\/www.standrewstpaul.com"},"show_map":true,"show_map_link":true,"global_id":"www.ludwig-van.com\/montreal?id=48887","global_id_lineage":["www.ludwig-van.com\/montreal?id=48887"]},"organizer":[{"id":48011,"author":"1","status":"publish","date":"2017-09-26 18:22:02","date_utc":"2017-09-26 22:22:02","modified":"2017-09-26 18:22:02","modified_utc":"2017-09-26 22:22:02","url":"https:\/\/www.ludwig-van.com\/montreal\/organisateur\/festival-bach-montreal\/","organizer":"Festival Bach Montr\u00e9al","slug":"festival-bach-montreal","phone":"514-989-9668","website":"http:\/\/www.festivalbachmontreal.com","email":"info@festivalbachmontreal.com","json_ld":{"@type":"Person","name":"Festival Bach Montr\u00e9al","description":"","url":"https:\/\/www.ludwig-van.com\/montreal\/organisateur\/festival-bach-montreal\/","telephone":"514-989-9668","email":"inf&#111;&#64;f&#101;sti&#118;a&#108;&#98;a&#99;&#104;mon&#116;real.&#99;&#111;&#109;","sameAs":"http:\/\/www.festivalbachmontreal.com"},"global_id":"www.ludwig-van.com\/montreal?id=48011","global_id_lineage":["www.ludwig-van.com\/montreal?id=48011"]}],"json_ld":{"@context":"http:\/\/schema.org","@type":"Event","name":"Festival Bach | Capella Cracoviensis","description":"&lt;p&gt;Fond\u00e9e en 1970 \u00e0 Cracovie par le compositeur, musicologue et chef d\u2019orchestre Stanis\u0142aw Ga\u0142o\u0144ski, la Capella Cracoviensis comprend un ensemble jouant sur instrument d\u2019\u00e9poque et un ch\u0153ur de chambre.&lt;\/p&gt;\\n","image":"https:\/\/www.ludwig-van.com\/montreal\/wp-content\/uploads\/sites\/3\/2023\/10\/Capella-Cracoviensis.jpg","url":"https:\/\/www.ludwig-van.com\/montreal\/event\/festival-bach-capella-cracoviensis\/","startDate":"2023-11-24T19:30:00-05:00","endDate":"2023-11-24T21:30:00-05:00","location":{"@type":"Place","name":"\u00c9glise St. Andrew &#038; St. Paul","description":"","url":"https:\/\/www.ludwig-van.com\/montreal\/lieu\/eglise-st-andrew-st-paul\/","address":{"@type":"PostalAddress","streetAddress":"3415, Rue Redpath (entr\u00e9e sur Sherbrooke)","addressLocality":"Montr\u00e9al","addressRegion":"Qu\u00e9bec","postalCode":"H3G 2G2","addressCountry":"Canada"},"geo":{"@type":"GeoCoordinates","latitude":45.498342,"longitude":-73.5809527},"telephone":"(514) 842-3431","sameAs":"http:\/\/www.standrewstpaul.com"},"organizer":{"@type":"Person","name":"Festival Bach Montr\u00e9al","description":"","url":"https:\/\/www.ludwig-van.com\/montreal\/organisateur\/festival-bach-montreal\/","telephone":"514-989-9668","email":"&#105;&#110;&#102;&#111;&#64;&#102;&#101;s&#116;&#105;v&#97;&#108;&#98;&#97;&#99;&#104;&#109;&#111;&#110;t&#114;e&#97;l&#46;&#99;o&#109;","sameAs":"http:\/\/www.festivalbachmontreal.com"},"offers":{"@type":"Offer","price":"65","priceCurrency":"$","url":"https:\/\/www.ludwig-van.com\/montreal\/event\/festival-bach-capella-cracoviensis\/","category":"primary","availability":"inStock","validFrom":"1970-01-01T00:00:00+00:00"},"performer":"Organization"}}