{"id":77788,"global_id":"www.ludwig-van.com\/montreal?id=77788","global_id_lineage":["www.ludwig-van.com\/montreal?id=77788"],"author":"1","status":"publish","date":"2023-09-11 16:45:18","date_utc":"2023-09-11 20:45:18","modified":"2023-09-11 16:45:18","modified_utc":"2023-09-11 20:45:18","url":"https:\/\/www.ludwig-van.com\/montreal\/event\/arte-musica-salle-bourgie-mozart-et-haydn-vents-et-harpe\/","rest_url":"https:\/\/www.ludwig-van.com\/montreal\/wp-json\/tribe\/events\/v1\/events\/77788","title":"Arte Musica &#8211; salle Bourgie | Mozart et Haydn, vents et harpe","description":"<p>Penta\u00e8dre, l\u2019un des quintettes \u00e0 vent les plus inventifs, se joint aux Violons du Roy, poursuivant une longue et fructueuse amiti\u00e9. Ses interpr\u00e8tes conjuguent harmonieusement une maestria de solistes avec un grand esprit d\u2019\u00e9quipe, ici dans un r\u00e9pertoire qui magnifie la richesse sonore de leurs instruments. La harpiste qu\u00e9b\u00e9coise Val\u00e9rie Milot s\u2019ajoute \u00e0 l\u2019affiche pour le c\u00e9l\u00e9brissime et touchant Concerto pour fl\u00fbte et harpe de Mozart.<\/p>","excerpt":"<p>Penta\u00e8dre, l\u2019un des quintettes \u00e0 vent les plus inventifs, se joint aux Violons du Roy, poursuivant une longue et fructueuse amiti\u00e9.<\/p>","slug":"arte-musica-salle-bourgie-mozart-et-haydn-vents-et-harpe","image":{"url":"https:\/\/www.ludwig-van.com\/montreal\/wp-content\/uploads\/sites\/3\/2021\/09\/JonathanCohenViolonRoy.jpg","id":67660,"extension":"jpg"},"all_day":false,"start_date":"2024-02-02 19:30:00","start_date_details":{"year":"2024","month":"02","day":"02","hour":"19","minutes":"30","seconds":"00"},"end_date":"2024-02-02 21:30:00","end_date_details":{"year":"2024","month":"02","day":"02","hour":"21","minutes":"30","seconds":"00"},"utc_start_date":"2024-02-03 00:30:00","utc_start_date_details":{"year":"2024","month":"02","day":"03","hour":"00","minutes":"30","seconds":"00"},"utc_end_date":"2024-02-03 02:30:00","utc_end_date_details":{"year":"2024","month":"02","day":"03","hour":"02","minutes":"30","seconds":"00"},"timezone":"America\/Toronto","timezone_abbr":"EST","cost":"66$","cost_details":{"currency_symbol":"$","currency_position":"suffix","values":["66"]},"website":"https:\/\/www.mbam.qc.ca\/fr\/activites\/violons-du-roy-mozart-et-haydn-vents-et-harpe\/","show_map":true,"show_map_link":true,"hide_from_listings":false,"sticky":false,"featured":false,"categories":[{"name":"Chamber music","slug":"chamber-music-3","term_group":0,"term_taxonomy_id":5093,"taxonomy":"tribe_events_cat","description":"","parent":0,"count":647,"filter":"raw","id":5052,"urls":{"self":"https:\/\/www.ludwig-van.com\/montreal\/wp-json\/tribe\/events\/v1\/categories\/5052","collection":"https:\/\/www.ludwig-van.com\/montreal\/wp-json\/tribe\/events\/v1\/categories"}}],"tags":[],"venue":{"id":46879,"author":"1","status":"publish","date":"2017-09-11 19:32:24","date_utc":"2017-09-11 23:32:24","modified":"2018-05-26 23:21:27","modified_utc":"2018-05-27 03:21:27","url":"https:\/\/www.ludwig-van.com\/montreal\/lieu\/salle-bourgie\/","venue":"Salle Bourgie","slug":"salle-bourgie","address":"1339 rue Sherbrooke Ouest","city":"Montr\u00e9al","country":"Canada","province":"Qu\u00e9bec","zip":"H3G 1G2","phone":"514 285-2000, option 4","website":"www.sallebourgie.ca","stateprovince":"Qu\u00e9bec","geo_lat":45.4991991,"geo_lng":-73.57963,"json_ld":{"@type":"Place","name":"Salle Bourgie","description":"","url":"https:\/\/www.ludwig-van.com\/montreal\/lieu\/salle-bourgie\/","address":{"@type":"PostalAddress","streetAddress":"1339 rue Sherbrooke Ouest","addressLocality":"Montr\u00e9al","addressRegion":"Qu\u00e9bec","postalCode":"H3G 1G2","addressCountry":"Canada"},"geo":{"@type":"GeoCoordinates","latitude":45.4991991,"longitude":-73.57963},"telephone":"514 285-2000, option 4","sameAs":"www.sallebourgie.ca"},"show_map":true,"show_map_link":true,"global_id":"www.ludwig-van.com\/montreal?id=46879","global_id_lineage":["www.ludwig-van.com\/montreal?id=46879"]},"organizer":[{"id":46908,"author":"1","status":"publish","date":"2017-09-11 20:16:47","date_utc":"2017-09-12 00:16:47","modified":"2018-05-26 23:05:46","modified_utc":"2018-05-27 03:05:46","url":"https:\/\/www.ludwig-van.com\/montreal\/organisateur\/fondation-arte-musica\/","organizer":"Arte Musica","slug":"fondation-arte-musica","phone":"514-285-2000","website":"www.sallebourgie.ca","json_ld":{"@type":"Person","name":"Arte Musica","description":"","url":"https:\/\/www.ludwig-van.com\/montreal\/organisateur\/fondation-arte-musica\/","telephone":"514-285-2000","email":"","sameAs":"http:\/\/www.sallebourgie.ca"},"global_id":"www.ludwig-van.com\/montreal?id=46908","global_id_lineage":["www.ludwig-van.com\/montreal?id=46908"]}],"json_ld":{"@context":"http:\/\/schema.org","@type":"Event","name":"Arte Musica &#8211; salle Bourgie | Mozart et Haydn, vents et harpe","description":"&lt;p&gt;Penta\u00e8dre, l\u2019un des quintettes \u00e0 vent les plus inventifs, se joint aux Violons du Roy, poursuivant une longue et fructueuse amiti\u00e9.&lt;\/p&gt;\\n","image":"https:\/\/www.ludwig-van.com\/montreal\/wp-content\/uploads\/sites\/3\/2021\/09\/JonathanCohenViolonRoy.jpg","url":"https:\/\/www.ludwig-van.com\/montreal\/event\/arte-musica-salle-bourgie-mozart-et-haydn-vents-et-harpe\/","startDate":"2024-02-02T19:30:00-05:00","endDate":"2024-02-02T21:30:00-05:00","location":{"@type":"Place","name":"Salle Bourgie","description":"","url":"https:\/\/www.ludwig-van.com\/montreal\/lieu\/salle-bourgie\/","address":{"@type":"PostalAddress","streetAddress":"1339 rue Sherbrooke Ouest","addressLocality":"Montr\u00e9al","addressRegion":"Qu\u00e9bec","postalCode":"H3G 1G2","addressCountry":"Canada"},"geo":{"@type":"GeoCoordinates","latitude":45.4991991,"longitude":-73.57963},"telephone":"514 285-2000, option 4","sameAs":"www.sallebourgie.ca"},"organizer":{"@type":"Person","name":"Arte Musica","description":"","url":"https:\/\/www.ludwig-van.com\/montreal\/organisateur\/fondation-arte-musica\/","telephone":"514-285-2000","email":"","sameAs":"http:\/\/www.sallebourgie.ca"},"offers":{"@type":"Offer","price":"66","priceCurrency":"$","url":"https:\/\/www.ludwig-van.com\/montreal\/event\/arte-musica-salle-bourgie-mozart-et-haydn-vents-et-harpe\/","category":"primary","availability":"inStock","validFrom":"1970-01-01T00:00:00+00:00"},"performer":"Organization"}}