{"id":77357,"global_id":"www.ludwig-van.com\/montreal?id=77357","global_id_lineage":["www.ludwig-van.com\/montreal?id=77357"],"author":"1","status":"publish","date":"2023-08-10 17:02:11","date_utc":"2023-08-10 21:02:11","modified":"2023-08-10 17:02:11","modified_utc":"2023-08-10 21:02:11","url":"https:\/\/www.ludwig-van.com\/montreal\/event\/orchestre-symphonique-de-montreal-lenfance-du-christ-de-berlioz-dirigee-par-herve-niquet\/","rest_url":"https:\/\/www.ludwig-van.com\/montreal\/wp-json\/tribe\/events\/v1\/events\/77357","title":"Orchestre symphonique de Montr\u00e9al | L&rsquo;enfance du Christ de Berlioz dirig\u00e9e par Herv\u00e9 Niquet","description":"<p>Tr\u00e8s appr\u00e9ci\u00e9 lors de son premier passage \u00e0 la Maison symphonique en 2019, le chef fran\u00e7ais Herv\u00e9 Niquet retrouvera l\u2019OSM pour diriger L\u2019enfance du Christ de Berlioz. Avec cette \u0153uvre monumentale en trois parties pour solistes, ch\u0153ur et orchestre, le compositeur s\u2019affirme comme un grand dramaturge. Il narre les divers \u00e9pisodes de cette fresque biblique avec une d\u00e9licatesse, une simplicit\u00e9 et une intensit\u00e9 remarquables qui donnent vie \u00e0 chaque personnage.<\/p>","excerpt":"<p>Tr\u00e8s appr\u00e9ci\u00e9 lors de son premier passage \u00e0 la Maison symphonique en 2019, le chef fran\u00e7ais Herv\u00e9 Niquet retrouvera l\u2019OSM pour diriger L\u2019enfance du Christ de Berlioz.<\/p>","slug":"orchestre-symphonique-de-montreal-lenfance-du-christ-de-berlioz-dirigee-par-herve-niquet","image":{"url":"https:\/\/www.ludwig-van.com\/montreal\/wp-content\/uploads\/sites\/3\/2023\/08\/Herve-Niquet.jpg","id":77359,"extension":"jpg"},"all_day":false,"start_date":"2023-12-19 19:30:00","start_date_details":{"year":"2023","month":"12","day":"19","hour":"19","minutes":"30","seconds":"00"},"end_date":"2023-12-19 21:30:00","end_date_details":{"year":"2023","month":"12","day":"19","hour":"21","minutes":"30","seconds":"00"},"utc_start_date":"2023-12-20 00:30:00","utc_start_date_details":{"year":"2023","month":"12","day":"20","hour":"00","minutes":"30","seconds":"00"},"utc_end_date":"2023-12-20 02:30:00","utc_end_date_details":{"year":"2023","month":"12","day":"20","hour":"02","minutes":"30","seconds":"00"},"timezone":"America\/Toronto","timezone_abbr":"EST","cost":"35$","cost_details":{"currency_symbol":"$","currency_position":"suffix","values":["35"]},"website":"https:\/\/www.osm.ca\/fr\/concerts\/lenfance-du-christ-de-berlioz-dirigee-par-herve-niquet\/","show_map":true,"show_map_link":true,"hide_from_listings":false,"sticky":false,"featured":false,"categories":[{"name":"Orchestra","slug":"orchestra-2","term_group":0,"term_taxonomy_id":5025,"taxonomy":"tribe_events_cat","description":"","parent":0,"count":743,"filter":"raw","id":6487,"urls":{"self":"https:\/\/www.ludwig-van.com\/montreal\/wp-json\/tribe\/events\/v1\/categories\/6487","collection":"https:\/\/www.ludwig-van.com\/montreal\/wp-json\/tribe\/events\/v1\/categories"}}],"tags":[],"venue":{"id":46843,"author":"1","status":"publish","date":"2017-09-11 17:37:02","date_utc":"2017-09-11 21:37:02","modified":"2017-09-11 17:37:02","modified_utc":"2017-09-11 21:37:02","url":"https:\/\/www.ludwig-van.com\/montreal\/lieu\/maison-symphonique\/","venue":"Maison Symphonique","slug":"maison-symphonique","address":"1600 rue St-Urbain","city":"Montr\u00e9al","country":"Canada","province":"Qu\u00e9bec","zip":"H2S0X1","phone":"(514) 842-2112","stateprovince":"Qu\u00e9bec","geo_lat":45.5310103,"geo_lng":-73.613956,"json_ld":{"@type":"Place","name":"Maison Symphonique","description":"","url":"https:\/\/www.ludwig-van.com\/montreal\/lieu\/maison-symphonique\/","address":{"@type":"PostalAddress","streetAddress":"1600 rue St-Urbain","addressLocality":"Montr\u00e9al","addressRegion":"Qu\u00e9bec","postalCode":"H2S0X1","addressCountry":"Canada"},"geo":{"@type":"GeoCoordinates","latitude":45.5310103,"longitude":-73.613956},"telephone":"(514) 842-2112","sameAs":""},"show_map":true,"show_map_link":true,"global_id":"www.ludwig-van.com\/montreal?id=46843","global_id_lineage":["www.ludwig-van.com\/montreal?id=46843"]},"organizer":[{"id":47393,"author":"1","status":"publish","date":"2017-09-17 14:41:38","date_utc":"2017-09-17 18:41:38","modified":"2017-09-17 14:41:38","modified_utc":"2017-09-17 18:41:38","url":"https:\/\/www.ludwig-van.com\/montreal\/organisateur\/orchestre-symphonique-de-montreal\/","organizer":"Orchestre symphonique de Montr\u00e9al","slug":"orchestre-symphonique-de-montreal","phone":"514-842-9951","website":"http:\/\/www.osm.ca\/","json_ld":{"@type":"Person","name":"Orchestre symphonique de Montr\u00e9al","description":"","url":"https:\/\/www.ludwig-van.com\/montreal\/organisateur\/orchestre-symphonique-de-montreal\/","telephone":"514-842-9951","email":"","sameAs":"http:\/\/www.osm.ca\/"},"global_id":"www.ludwig-van.com\/montreal?id=47393","global_id_lineage":["www.ludwig-van.com\/montreal?id=47393"]}],"json_ld":{"@context":"http:\/\/schema.org","@type":"Event","name":"Orchestre symphonique de Montr\u00e9al | L&rsquo;enfance du Christ de Berlioz dirig\u00e9e par Herv\u00e9 Niquet","description":"&lt;p&gt;Tr\u00e8s appr\u00e9ci\u00e9 lors de son premier passage \u00e0 la Maison symphonique en 2019, le chef fran\u00e7ais Herv\u00e9 Niquet retrouvera l\u2019OSM pour diriger L\u2019enfance du Christ de Berlioz.&lt;\/p&gt;\\n","image":"https:\/\/www.ludwig-van.com\/montreal\/wp-content\/uploads\/sites\/3\/2023\/08\/Herve-Niquet.jpg","url":"https:\/\/www.ludwig-van.com\/montreal\/event\/orchestre-symphonique-de-montreal-lenfance-du-christ-de-berlioz-dirigee-par-herve-niquet\/","startDate":"2023-12-19T19:30:00-05:00","endDate":"2023-12-19T21:30:00-05:00","location":{"@type":"Place","name":"Maison Symphonique","description":"","url":"https:\/\/www.ludwig-van.com\/montreal\/lieu\/maison-symphonique\/","address":{"@type":"PostalAddress","streetAddress":"1600 rue St-Urbain","addressLocality":"Montr\u00e9al","addressRegion":"Qu\u00e9bec","postalCode":"H2S0X1","addressCountry":"Canada"},"geo":{"@type":"GeoCoordinates","latitude":45.5310103,"longitude":-73.613956},"telephone":"(514) 842-2112","sameAs":""},"organizer":{"@type":"Person","name":"Orchestre symphonique de Montr\u00e9al","description":"","url":"https:\/\/www.ludwig-van.com\/montreal\/organisateur\/orchestre-symphonique-de-montreal\/","telephone":"514-842-9951","email":"","sameAs":"http:\/\/www.osm.ca\/"},"offers":{"@type":"Offer","price":"35","priceCurrency":"$","url":"https:\/\/www.ludwig-van.com\/montreal\/event\/orchestre-symphonique-de-montreal-lenfance-du-christ-de-berlioz-dirigee-par-herve-niquet\/","category":"primary","availability":"inStock","validFrom":"1970-01-01T00:00:00+00:00"},"performer":"Organization"}}