{"id":74712,"global_id":"www.ludwig-van.com\/montreal?id=74712","global_id_lineage":["www.ludwig-van.com\/montreal?id=74712"],"author":"1","status":"publish","date":"2023-01-11 11:41:28","date_utc":"2023-01-11 16:41:28","modified":"2023-01-11 11:44:36","modified_utc":"2023-01-11 16:44:36","url":"https:\/\/www.ludwig-van.com\/montreal\/event\/societe-de-musique-contemporaine-du-quebec-messiaen-en-deux-temps\/","rest_url":"https:\/\/www.ludwig-van.com\/montreal\/wp-json\/tribe\/events\/v1\/events\/74712","title":"Soci\u00e9t\u00e9 de musique contemporaine du Qu\u00e9bec | Messiaen en deux temps","description":"<h3>Un compositeur inspir\u00e9. Deux \u0153uvres exaltantes. Une pianiste passionn\u00e9e. Des musiciens virtuoses. Un concert exceptionnel.<\/h3>\n<p>Profond\u00e9ment impr\u00e9gn\u00e9e de spiritualit\u00e9, la musique de Messiaen se distingue \u00e9galement par son universalit\u00e9. En ouverture de concert, Louise Bessette nous convie \u00e0 partager un rare instant d\u2019\u00e9ternit\u00e9 avec quatre des Vingt Regards sur l\u2019enfant J\u00e9sus, ce chef-d\u2019\u0153uvre pour piano o\u00f9 foisonnent les trouvailles pianistiques du compositeur. Les couleurs chatoyantes qui illustrent la richesse de son r\u00e9pertoire se d\u00e9ploient ensuite dans les Trois petites liturgies de la pr\u00e9sence divine. Cette musique, nimb\u00e9e par la puret\u00e9 du grand ch\u0153ur de femmes \u00e0 l\u2019unisson et par le son c\u00e9leste des ondes Martenot s\u2019\u00e9l\u00e8ve encore gr\u00e2ce \u00e0 la quarantaine d\u2019interpr\u00e8tes rassembl\u00e9s pour jouer l\u2019\u0153uvre. Suscitant le m\u00eame genre d\u2019\u00e9merveillement qu\u2019on \u00e9prouve en p\u00e9n\u00e9trant dans une cath\u00e9drale majestueuse.<\/p>\n<p>\u00abLa musique des Trois petites liturgies de la pr\u00e9sence divine est avant tout une musique de couleurs. Les \u00abmodes\u00bb que j\u2019y utilise sont des couleurs harmoniques. Leur juxtaposition et leur superposition donnent: des bleus, de rouges, des bleus ray\u00e9s de rouge, des mauves et des gris tach\u00e9s d\u2019orang\u00e9\u2026\u00bb \u2014 Olivier Messiaen<\/p>","excerpt":"<p>Un compositeur inspir\u00e9. Deux \u0153uvres exaltantes. Une pianiste passionn\u00e9e. Des musiciens virtuoses. Un concert exceptionnel.<\/p>","slug":"societe-de-musique-contemporaine-du-quebec-messiaen-en-deux-temps","image":{"url":"https:\/\/www.ludwig-van.com\/montreal\/wp-content\/uploads\/sites\/3\/2023\/01\/I-Musici-de-Montreal.jpg","id":74714,"extension":"jpg"},"all_day":false,"start_date":"2023-03-02 19:00:00","start_date_details":{"year":"2023","month":"03","day":"02","hour":"19","minutes":"00","seconds":"00"},"end_date":"2023-03-02 21:00:00","end_date_details":{"year":"2023","month":"03","day":"02","hour":"21","minutes":"00","seconds":"00"},"utc_start_date":"2023-03-03 00:00:00","utc_start_date_details":{"year":"2023","month":"03","day":"03","hour":"00","minutes":"00","seconds":"00"},"utc_end_date":"2023-03-03 02:00:00","utc_end_date_details":{"year":"2023","month":"03","day":"03","hour":"02","minutes":"00","seconds":"00"},"timezone":"America\/Toronto","timezone_abbr":"EST","cost":"36$","cost_details":{"currency_symbol":"$","currency_position":"suffix","values":["36"]},"website":"https:\/\/smcq.qc.ca\/smcq\/fr\/evenement\/44973\/messiaen-en-deux-temps","show_map":true,"show_map_link":true,"hide_from_listings":false,"sticky":false,"featured":false,"categories":[{"name":"Contemporary Music","slug":"contemporary-music","term_group":0,"term_taxonomy_id":5368,"taxonomy":"tribe_events_cat","description":"","parent":0,"count":353,"filter":"raw","id":5327,"urls":{"self":"https:\/\/www.ludwig-van.com\/montreal\/wp-json\/tribe\/events\/v1\/categories\/5327","collection":"https:\/\/www.ludwig-van.com\/montreal\/wp-json\/tribe\/events\/v1\/categories"}}],"tags":[],"venue":{"id":47403,"author":"1","status":"publish","date":"2017-09-17 22:28:44","date_utc":"2017-09-18 02:28:44","modified":"2017-09-17 22:28:44","modified_utc":"2017-09-18 02:28:44","url":"https:\/\/www.ludwig-van.com\/montreal\/lieu\/salle-pierre-mercure-centre-pierre-peladeau\/","venue":"Salle Pierre-Mercure \u2014 Centre Pierre-P\u00e9ladeau","slug":"salle-pierre-mercure-centre-pierre-peladeau","address":"300, boulevard de Maisonneuve Est","city":"Montr\u00e9al","country":"Canada","province":"Qu\u00e9bec","zip":"H2X 3X6","phone":"514-987-6919","website":"http:\/\/www.centrepierrepeladeau.uqam.ca","stateprovince":"Qu\u00e9bec","geo_lat":45.5137738,"geo_lng":-73.5621857,"json_ld":{"@type":"Place","name":"Salle Pierre-Mercure \u2014 Centre Pierre-P\u00e9ladeau","description":"","url":"https:\/\/www.ludwig-van.com\/montreal\/lieu\/salle-pierre-mercure-centre-pierre-peladeau\/","address":{"@type":"PostalAddress","streetAddress":"300, boulevard de Maisonneuve Est","addressLocality":"Montr\u00e9al","addressRegion":"Qu\u00e9bec","postalCode":"H2X 3X6","addressCountry":"Canada"},"geo":{"@type":"GeoCoordinates","latitude":45.5137738,"longitude":-73.5621857},"telephone":"514-987-6919","sameAs":"http:\/\/www.centrepierrepeladeau.uqam.ca"},"show_map":true,"show_map_link":true,"global_id":"www.ludwig-van.com\/montreal?id=47403","global_id_lineage":["www.ludwig-van.com\/montreal?id=47403"]},"organizer":[{"id":46969,"author":"1","status":"publish","date":"2017-09-11 21:59:49","date_utc":"2017-09-12 01:59:49","modified":"2017-09-11 21:59:49","modified_utc":"2017-09-12 01:59:49","url":"https:\/\/www.ludwig-van.com\/montreal\/organisateur\/smcq\/","organizer":"SMCQ","slug":"smcq","phone":"514-843-9305","website":"http:\/\/www.smcq.qc.ca\/","email":"smcq@smcq.qc.ca","json_ld":{"@type":"Person","name":"SMCQ","description":"","url":"https:\/\/www.ludwig-van.com\/montreal\/organisateur\/smcq\/","telephone":"514-843-9305","email":"&#115;m&#99;q&#64;&#115;mc&#113;.q&#99;.&#99;a","sameAs":"http:\/\/www.smcq.qc.ca\/"},"global_id":"www.ludwig-van.com\/montreal?id=46969","global_id_lineage":["www.ludwig-van.com\/montreal?id=46969"]}],"json_ld":{"@context":"http:\/\/schema.org","@type":"Event","name":"Soci\u00e9t\u00e9 de musique contemporaine du Qu\u00e9bec | Messiaen en deux temps","description":"&lt;p&gt;Un compositeur inspir\u00e9. Deux \u0153uvres exaltantes. Une pianiste passionn\u00e9e. Des musiciens virtuoses. Un concert exceptionnel.&lt;\/p&gt;\\n","image":"https:\/\/www.ludwig-van.com\/montreal\/wp-content\/uploads\/sites\/3\/2023\/01\/I-Musici-de-Montreal.jpg","url":"https:\/\/www.ludwig-van.com\/montreal\/event\/societe-de-musique-contemporaine-du-quebec-messiaen-en-deux-temps\/","startDate":"2023-03-02T19:00:00-05:00","endDate":"2023-03-02T21:00:00-05:00","location":{"@type":"Place","name":"Salle Pierre-Mercure \u2014 Centre Pierre-P\u00e9ladeau","description":"","url":"https:\/\/www.ludwig-van.com\/montreal\/lieu\/salle-pierre-mercure-centre-pierre-peladeau\/","address":{"@type":"PostalAddress","streetAddress":"300, boulevard de Maisonneuve Est","addressLocality":"Montr\u00e9al","addressRegion":"Qu\u00e9bec","postalCode":"H2X 3X6","addressCountry":"Canada"},"geo":{"@type":"GeoCoordinates","latitude":45.5137738,"longitude":-73.5621857},"telephone":"514-987-6919","sameAs":"http:\/\/www.centrepierrepeladeau.uqam.ca"},"organizer":{"@type":"Person","name":"SMCQ","description":"","url":"https:\/\/www.ludwig-van.com\/montreal\/organisateur\/smcq\/","telephone":"514-843-9305","email":"sm&#99;q&#64;&#115;m&#99;q&#46;&#113;c&#46;c&#97;","sameAs":"http:\/\/www.smcq.qc.ca\/"},"offers":{"@type":"Offer","price":"36","priceCurrency":"$","url":"https:\/\/www.ludwig-van.com\/montreal\/event\/societe-de-musique-contemporaine-du-quebec-messiaen-en-deux-temps\/","category":"primary","availability":"inStock","validFrom":"1970-01-01T00:00:00+00:00"},"performer":"Organization"}}