{"id":65902,"global_id":"www.ludwig-van.com\/montreal?id=65902","global_id_lineage":["www.ludwig-van.com\/montreal?id=65902"],"author":"1","status":"publish","date":"2021-02-19 07:56:32","date_utc":"2021-02-19 12:56:32","modified":"2021-02-19 07:56:32","modified_utc":"2021-02-19 12:56:32","url":"https:\/\/www.ludwig-van.com\/montreal\/event\/arion-concertos-imaginaires\/","rest_url":"https:\/\/www.ludwig-van.com\/montreal\/wp-json\/tribe\/events\/v1\/events\/65902","title":"Arion &#8211; Concertos imaginaires","description":"<p>Webdiffusion du 7 au 28 mai 2021<\/p>\n<p>Les musiciens d\u2019Arion Orchestre Baroque se transforment chacun \u00e0 leur tour en solistes, l\u2019espace d\u2019un mouvement, pour cr\u00e9er 6 concertos imaginaires, sous la direction de Mathieu Lussier. 18 musiciens, 18 courtes vignettes assembl\u00e9es en une courtepointe musicale in\u00e9dite !<\/p>","excerpt":"<p>Les musiciens d\u2019Arion Orchestre Baroque se transforment chacun \u00e0 leur tour en solistes<\/p>","slug":"arion-concertos-imaginaires","image":{"url":"https:\/\/www.ludwig-van.com\/montreal\/wp-content\/uploads\/sites\/3\/2021\/02\/Arion-concertos-imaginaires.jpg","id":65903,"extension":"jpg","width":372,"height":375,"sizes":{"medium":{"width":"298","height":"300","mime-type":"image\/jpeg","url":"https:\/\/www.ludwig-van.com\/montreal\/wp-content\/uploads\/sites\/3\/2021\/02\/Arion-concertos-imaginaires-298x300.jpg"},"thumbnail":{"width":"150","height":"150","mime-type":"image\/jpeg","url":"https:\/\/www.ludwig-van.com\/montreal\/wp-content\/uploads\/sites\/3\/2021\/02\/Arion-concertos-imaginaires-150x150.jpg"}}},"all_day":false,"start_date":"2021-05-07 12:00:00","start_date_details":{"year":"2021","month":"05","day":"07","hour":"12","minutes":"00","seconds":"00"},"end_date":"2021-05-28 23:30:00","end_date_details":{"year":"2021","month":"05","day":"28","hour":"23","minutes":"30","seconds":"00"},"utc_start_date":"2021-05-07 16:00:00","utc_start_date_details":{"year":"2021","month":"05","day":"07","hour":"16","minutes":"00","seconds":"00"},"utc_end_date":"2021-05-29 03:30:00","utc_end_date_details":{"year":"2021","month":"05","day":"29","hour":"03","minutes":"30","seconds":"00"},"timezone":"America\/Toronto","timezone_abbr":"EDT","cost":"25$","cost_details":{"currency_symbol":"$","currency_position":"suffix","values":["25"]},"website":"https:\/\/www.arionbaroque.com\/fr\/concertos-imaginaires","show_map":true,"show_map_link":true,"hide_from_listings":false,"sticky":false,"featured":false,"categories":[{"name":"Period ensemble","slug":"period-ensemble","term_group":0,"term_taxonomy_id":5094,"taxonomy":"tribe_events_cat","description":"","parent":0,"count":267,"filter":"raw","id":5053,"urls":{"self":"https:\/\/www.ludwig-van.com\/montreal\/wp-json\/tribe\/events\/v1\/categories\/5053","collection":"https:\/\/www.ludwig-van.com\/montreal\/wp-json\/tribe\/events\/v1\/categories"}}],"tags":[],"venue":{"id":46879,"author":"1","status":"publish","date":"2017-09-11 19:32:24","date_utc":"2017-09-11 23:32:24","modified":"2018-05-26 23:21:27","modified_utc":"2018-05-27 03:21:27","url":"https:\/\/www.ludwig-van.com\/montreal\/lieu\/salle-bourgie\/","venue":"Salle Bourgie","slug":"salle-bourgie","address":"1339 rue Sherbrooke Ouest","city":"Montr\u00e9al","country":"Canada","province":"Qu\u00e9bec","zip":"H3G 1G2","phone":"514 285-2000, option 4","website":"www.sallebourgie.ca","stateprovince":"Qu\u00e9bec","geo_lat":45.4991991,"geo_lng":-73.57963,"json_ld":{"@type":"Place","name":"Salle Bourgie","description":"","url":"https:\/\/www.ludwig-van.com\/montreal\/lieu\/salle-bourgie\/","address":{"@type":"PostalAddress","streetAddress":"1339 rue Sherbrooke Ouest","addressLocality":"Montr\u00e9al","addressRegion":"Qu\u00e9bec","postalCode":"H3G 1G2","addressCountry":"Canada"},"geo":{"@type":"GeoCoordinates","latitude":45.4991991,"longitude":-73.57963},"telephone":"514 285-2000, option 4","sameAs":"www.sallebourgie.ca"},"show_map":true,"show_map_link":true,"global_id":"www.ludwig-van.com\/montreal?id=46879","global_id_lineage":["www.ludwig-van.com\/montreal?id=46879"]},"organizer":[{"id":47538,"author":"1","status":"publish","date":"2017-09-18 15:45:29","date_utc":"2017-09-18 19:45:29","modified":"2017-09-18 15:45:29","modified_utc":"2017-09-18 19:45:29","url":"https:\/\/www.ludwig-van.com\/montreal\/organisateur\/arion-orchestre-baroque\/","organizer":"Arion Orchestre Baroque","slug":"arion-orchestre-baroque","phone":"514-355-1825","website":"www.arionbaroque.com","email":"info@arionbaroque.com","json_ld":{"@type":"Person","name":"Arion Orchestre Baroque","description":"","url":"https:\/\/www.ludwig-van.com\/montreal\/organisateur\/arion-orchestre-baroque\/","telephone":"514-355-1825","email":"i&#110;fo&#64;&#97;rio&#110;b&#97;r&#111;q&#117;e&#46;&#99;&#111;m","sameAs":"http:\/\/www.arionbaroque.com"},"global_id":"www.ludwig-van.com\/montreal?id=47538","global_id_lineage":["www.ludwig-van.com\/montreal?id=47538"]}],"json_ld":{"@context":"http:\/\/schema.org","@type":"Event","name":"Arion &#8211; Concertos imaginaires","description":"&lt;p&gt;Les musiciens d\u2019Arion Orchestre Baroque se transforment chacun \u00e0 leur tour en solistes&lt;\/p&gt;\\n","image":"https:\/\/www.ludwig-van.com\/montreal\/wp-content\/uploads\/sites\/3\/2021\/02\/Arion-concertos-imaginaires.jpg","url":"https:\/\/www.ludwig-van.com\/montreal\/event\/arion-concertos-imaginaires\/","startDate":"2021-05-07T12:00:00-04:00","endDate":"2021-05-28T23:30:00-04:00","location":{"@type":"Place","name":"Salle Bourgie","description":"","url":"https:\/\/www.ludwig-van.com\/montreal\/lieu\/salle-bourgie\/","address":{"@type":"PostalAddress","streetAddress":"1339 rue Sherbrooke Ouest","addressLocality":"Montr\u00e9al","addressRegion":"Qu\u00e9bec","postalCode":"H3G 1G2","addressCountry":"Canada"},"geo":{"@type":"GeoCoordinates","latitude":45.4991991,"longitude":-73.57963},"telephone":"514 285-2000, option 4","sameAs":"www.sallebourgie.ca"},"organizer":{"@type":"Person","name":"Arion Orchestre Baroque","description":"","url":"https:\/\/www.ludwig-van.com\/montreal\/organisateur\/arion-orchestre-baroque\/","telephone":"514-355-1825","email":"in&#102;o&#64;&#97;&#114;&#105;&#111;nbaro&#113;&#117;&#101;.&#99;&#111;&#109;","sameAs":"http:\/\/www.arionbaroque.com"},"offers":{"@type":"Offer","price":"25","priceCurrency":"$","url":"https:\/\/www.ludwig-van.com\/montreal\/event\/arion-concertos-imaginaires\/","category":"primary","availability":"inStock","validFrom":"1970-01-01T00:00:00+00:00"},"performer":"Organization"}}