{"id":63761,"global_id":"www.ludwig-van.com\/montreal?id=63761","global_id_lineage":["www.ludwig-van.com\/montreal?id=63761"],"author":"1","status":"publish","date":"2020-01-21 14:23:22","date_utc":"2020-01-21 19:23:22","modified":"2020-01-21 14:23:22","modified_utc":"2020-01-21 19:23:22","url":"https:\/\/www.ludwig-van.com\/montreal\/event\/arte-musica-festival-beethoven-2020-quatuor-escher\/","rest_url":"https:\/\/www.ludwig-van.com\/montreal\/wp-json\/tribe\/events\/v1\/events\/63761","title":"Arte musica | Festival Beethoven 2020 : Quatuor Escher","description":"<div id=\"websection1\" class=\"section_content_additionnel columns small-12 medium-4\">\n<div class=\"columns small-12\">\n<div>Afin de souligner avec \u00e9clat le\u00a0<strong>250<sup>e<\/sup>\u00a0anniversaire de naissance de\u00a0<\/strong><strong>Ludwig van Beethoven<\/strong>\u00a0(1770-1827), Arte Musica pr\u00e9sente en 2020, de\u00a0<strong>l\u2019int\u00e9grale des\u00a0<em>Quatuors \u00e0 cordes<\/em>\u00a0<\/strong>du c\u00e9l\u00e8bre compositeur<strong>.<\/strong><\/div>\n<div><\/div>\n<div class=\"title green_title\">ARTISTES<\/div>\n<div class=\"content_wrap\">\n<p><strong>Quatuor Escher<\/strong><\/p>\n<p><strong>Adam Barnett-Hart<\/strong>, violon<br \/>\n<strong>Brenden Speltz<\/strong>, violon<br \/>\n<strong>Pierre Lapointe<\/strong>, alto<br \/>\n<strong>Brook Speltz<\/strong>, violoncelle<\/p>\n<p>&nbsp;<\/p>\n<\/div>\n<\/div>\n<\/div>\n<div id=\"websection2\" class=\"section_content_additionnel columns small-12 medium-8\">\n<div class=\"columns small-12\">\n<div class=\"title green_title\">PROGRAMME<\/div>\n<div class=\"content_wrap\">\n<p><strong>Int\u00e9grale des Quatuors \u00e0 cordes de BEETHOVEN \u2013 Concert III<\/strong><\/p>\n<p>Quatuor n<sup>o<\/sup>\u00a02 en\u00a0<em>sol<\/em>\u00a0majeur, op. 18 n<sup>o<\/sup>\u00a02 \u00ab Lobkowitz \u00bb<br \/>\nQuatuor n<sup>o<\/sup>\u00a010 en<em>\u00a0mi\u00a0<\/em>b\u00e9mol majeur, op. 74 \u00ab les Harpes \u00bb<br \/>\nQuatuor n<sup>o<\/sup>\u00a014 en<em>\u00a0do\u00a0<\/em>di\u00e8se mineur, op. 131<\/p>\n<\/div>\n<\/div>\n<\/div>","excerpt":"","slug":"arte-musica-festival-beethoven-2020-quatuor-escher","image":{"url":"https:\/\/www.ludwig-van.com\/montreal\/wp-content\/uploads\/sites\/3\/2018\/03\/Escher_cSarah-Skinner_1-calendrier.jpg","id":52510,"extension":"jpg","width":700,"height":526,"sizes":{"thumbnail":{"width":150,"height":150,"mime-type":"image\/jpeg","url":"https:\/\/www.ludwig-van.com\/montreal\/wp-content\/uploads\/sites\/3\/2018\/03\/Escher_cSarah-Skinner_1-calendrier-150x150.jpg"},"medium":{"width":300,"height":225,"mime-type":"image\/jpeg","url":"https:\/\/www.ludwig-van.com\/montreal\/wp-content\/uploads\/sites\/3\/2018\/03\/Escher_cSarah-Skinner_1-calendrier-300x225.jpg"}}},"all_day":false,"start_date":"2020-02-01 14:30:00","start_date_details":{"year":"2020","month":"02","day":"01","hour":"14","minutes":"30","seconds":"00"},"end_date":"2020-02-01 16:00:00","end_date_details":{"year":"2020","month":"02","day":"01","hour":"16","minutes":"00","seconds":"00"},"utc_start_date":"2020-02-01 19:30:00","utc_start_date_details":{"year":"2020","month":"02","day":"01","hour":"19","minutes":"30","seconds":"00"},"utc_end_date":"2020-02-01 21:00:00","utc_end_date_details":{"year":"2020","month":"02","day":"01","hour":"21","minutes":"00","seconds":"00"},"timezone":"America\/Toronto","timezone_abbr":"EST","cost":"42,62$","cost_details":{"currency_symbol":"$","currency_position":"suffix","values":["42.62"]},"website":"https:\/\/www.mbam.qc.ca\/achats-en-ligne\/concerts\/quatuor-escher\/8593\/","show_map":true,"show_map_link":true,"hide_from_listings":false,"sticky":false,"featured":false,"categories":[{"name":"Cello","slug":"cello","term_group":0,"term_taxonomy_id":6150,"taxonomy":"tribe_events_cat","description":"","parent":0,"count":373,"filter":"raw","id":6109,"urls":{"self":"https:\/\/www.ludwig-van.com\/montreal\/wp-json\/tribe\/events\/v1\/categories\/6109","collection":"https:\/\/www.ludwig-van.com\/montreal\/wp-json\/tribe\/events\/v1\/categories"}},{"name":"Chamber music","slug":"chamber-music-3","term_group":0,"term_taxonomy_id":5093,"taxonomy":"tribe_events_cat","description":"","parent":0,"count":647,"filter":"raw","id":5052,"urls":{"self":"https:\/\/www.ludwig-van.com\/montreal\/wp-json\/tribe\/events\/v1\/categories\/5052","collection":"https:\/\/www.ludwig-van.com\/montreal\/wp-json\/tribe\/events\/v1\/categories"}},{"name":"viola","slug":"viola-3","term_group":0,"term_taxonomy_id":5165,"taxonomy":"tribe_events_cat","description":"","parent":0,"count":253,"filter":"raw","id":5124,"urls":{"self":"https:\/\/www.ludwig-van.com\/montreal\/wp-json\/tribe\/events\/v1\/categories\/5124","collection":"https:\/\/www.ludwig-van.com\/montreal\/wp-json\/tribe\/events\/v1\/categories"}},{"name":"Violin","slug":"violin","term_group":0,"term_taxonomy_id":5026,"taxonomy":"tribe_events_cat","description":"","parent":0,"count":437,"filter":"raw","id":6476,"urls":{"self":"https:\/\/www.ludwig-van.com\/montreal\/wp-json\/tribe\/events\/v1\/categories\/6476","collection":"https:\/\/www.ludwig-van.com\/montreal\/wp-json\/tribe\/events\/v1\/categories"}}],"tags":[],"venue":{"id":46879,"author":"1","status":"publish","date":"2017-09-11 19:32:24","date_utc":"2017-09-11 23:32:24","modified":"2018-05-26 23:21:27","modified_utc":"2018-05-27 03:21:27","url":"https:\/\/www.ludwig-van.com\/montreal\/lieu\/salle-bourgie\/","venue":"Salle Bourgie","slug":"salle-bourgie","address":"1339 rue Sherbrooke Ouest","city":"Montr\u00e9al","country":"Canada","province":"Qu\u00e9bec","zip":"H3G 1G2","phone":"514 285-2000, option 4","website":"www.sallebourgie.ca","stateprovince":"Qu\u00e9bec","geo_lat":45.4991991,"geo_lng":-73.57963,"json_ld":{"@type":"Place","name":"Salle Bourgie","description":"","url":"https:\/\/www.ludwig-van.com\/montreal\/lieu\/salle-bourgie\/","address":{"@type":"PostalAddress","streetAddress":"1339 rue Sherbrooke Ouest","addressLocality":"Montr\u00e9al","addressRegion":"Qu\u00e9bec","postalCode":"H3G 1G2","addressCountry":"Canada"},"geo":{"@type":"GeoCoordinates","latitude":45.4991991,"longitude":-73.57963},"telephone":"514 285-2000, option 4","sameAs":"www.sallebourgie.ca"},"show_map":true,"show_map_link":true,"global_id":"www.ludwig-van.com\/montreal?id=46879","global_id_lineage":["www.ludwig-van.com\/montreal?id=46879"]},"organizer":[{"id":46908,"author":"1","status":"publish","date":"2017-09-11 20:16:47","date_utc":"2017-09-12 00:16:47","modified":"2018-05-26 23:05:46","modified_utc":"2018-05-27 03:05:46","url":"https:\/\/www.ludwig-van.com\/montreal\/organisateur\/fondation-arte-musica\/","organizer":"Arte Musica","slug":"fondation-arte-musica","phone":"514-285-2000","website":"www.sallebourgie.ca","json_ld":{"@type":"Person","name":"Arte Musica","description":"","url":"https:\/\/www.ludwig-van.com\/montreal\/organisateur\/fondation-arte-musica\/","telephone":"514-285-2000","email":"","sameAs":"http:\/\/www.sallebourgie.ca"},"global_id":"www.ludwig-van.com\/montreal?id=46908","global_id_lineage":["www.ludwig-van.com\/montreal?id=46908"]}],"json_ld":{"@context":"http:\/\/schema.org","@type":"Event","name":"Arte musica | Festival Beethoven 2020 : Quatuor Escher","description":"&lt;p&gt;Afin de souligner avec \u00e9clat le\u00a0250e\u00a0anniversaire de naissance de\u00a0Ludwig van Beethoven\u00a0(1770-1827), Arte Musica pr\u00e9sente en 2020, de\u00a0l\u2019int\u00e9grale des\u00a0Quatuors \u00e0 cordes\u00a0du c\u00e9l\u00e8bre compositeur. ARTISTES Quatuor Escher Adam Barnett-Hart, violon Brenden Speltz, violon Pierre Lapointe, alto Brook Speltz, violoncelle &nbsp; PROGRAMME Int\u00e9grale des Quatuors \u00e0 cordes de BEETHOVEN \u2013 Concert III Quatuor no\u00a02 en\u00a0sol\u00a0majeur, op. 18 no\u00a02 [&hellip;]&lt;\/p&gt;\\n","image":"https:\/\/www.ludwig-van.com\/montreal\/wp-content\/uploads\/sites\/3\/2018\/03\/Escher_cSarah-Skinner_1-calendrier.jpg","url":"https:\/\/www.ludwig-van.com\/montreal\/event\/arte-musica-festival-beethoven-2020-quatuor-escher\/","startDate":"2020-02-01T14:30:00-05:00","endDate":"2020-02-01T16:00:00-05:00","location":{"@type":"Place","name":"Salle Bourgie","description":"","url":"https:\/\/www.ludwig-van.com\/montreal\/lieu\/salle-bourgie\/","address":{"@type":"PostalAddress","streetAddress":"1339 rue Sherbrooke Ouest","addressLocality":"Montr\u00e9al","addressRegion":"Qu\u00e9bec","postalCode":"H3G 1G2","addressCountry":"Canada"},"geo":{"@type":"GeoCoordinates","latitude":45.4991991,"longitude":-73.57963},"telephone":"514 285-2000, option 4","sameAs":"www.sallebourgie.ca"},"organizer":{"@type":"Person","name":"Arte Musica","description":"","url":"https:\/\/www.ludwig-van.com\/montreal\/organisateur\/fondation-arte-musica\/","telephone":"514-285-2000","email":"","sameAs":"http:\/\/www.sallebourgie.ca"},"offers":{"@type":"Offer","price":"42,62","priceCurrency":"$","url":"https:\/\/www.ludwig-van.com\/montreal\/event\/arte-musica-festival-beethoven-2020-quatuor-escher\/","category":"primary","availability":"inStock","validFrom":"1970-01-01T00:00:00+00:00"},"performer":"Organization"}}