{"id":60815,"global_id":"www.ludwig-van.com\/montreal?id=60815","global_id_lineage":["www.ludwig-van.com\/montreal?id=60815"],"author":"1","status":"publish","date":"2019-08-25 16:57:59","date_utc":"2019-08-25 20:57:59","modified":"2019-08-25 16:57:59","modified_utc":"2019-08-25 20:57:59","url":"https:\/\/www.ludwig-van.com\/montreal\/event\/osm-concert-douverture-kent-nagano-dirige-symphonie-babi-yar-de-chostakovitch\/2019-09-17\/","rest_url":"https:\/\/www.ludwig-van.com\/montreal\/wp-json\/tribe\/events\/v1\/events\/60815","title":"OSM | Concert d\u2019ouverture : Kent Nagano dirige la symphonie \u00ab Babi Yar \u00bb de Chostakovitch","description":"<p>La <em>Symphonie no13<\/em> de Chostakovitch rend un bouleversant hommage aux victimes de l\u2019oppression. Cette \u0153uvre puissante r\u00e9unit le Ch\u0153ur de l\u2019OSM et la c\u00e9l\u00e8bre basse russe Alexander Vinogradov sous la direction de Kent Nagano. La virtuosit\u00e9 sera au rendez-vous avec la magnifique <em>Rhapsodie sur un th\u00e8me de Paganini<\/em> de Rachmaninov, interpr\u00e9t\u00e9e par le fougueux Denis Matsuev.<\/p>\n<p><strong>Artistes et oeuvres<\/strong><\/p>\n<p>Orchestre symphonique de Montr\u00e9al<br \/>\nKent Nagano, chef d\u2019orchestre<br \/>\nAlexander Vinogradov, basse<br \/>\nDenis Matsuev, piano. Artiste en r\u00e9sidence de l\u2019OSM gr\u00e2ce au soutien de la fondation Larry et Cookie Rossy<br \/>\nCh\u0153ur de l\u2019OSM<br \/>\nAndrew Megill, chef de ch\u0153ur<\/p>\n<p>Concert du 17 septembre, sans entracte<br \/>\n<strong>Rachmaninov<\/strong>, <em>Rhapsodie sur un th\u00e8me de Paganini<\/em>, op. 43 (22 min)<br \/>\n<strong>Chostakovitch<\/strong>, Symphonie no 13 en si b\u00e9mol mineur, op. 113, \u00ab Babi Yar \u00bb (59 min) pour basse, ch\u0153ur de basses et orchestre<\/p>\n<p>Concert du 18 septembre<br \/>\n<strong>Schoenberg<\/strong>, Six pi\u00e8ces, pour ch\u0153ur d\u2019hommes, op. 35 (15 min)<br \/>\n<strong>Rachmaninov<\/strong>, <em>Rhapsodie sur un th\u00e8me de Paganini<\/em>, op. 43 (22 min)<br \/>\n<strong>Chostakovitch<\/strong>, Symphonie no 13 en si b\u00e9mol mineur, op. 113, \u00ab Babi Yar \u00bb (59 min) pour basse, ch\u0153ur de basses et orchestre<\/p>","excerpt":"","slug":"osm-concert-douverture-kent-nagano-dirige-symphonie-babi-yar-de-chostakovitch","image":{"url":"https:\/\/www.ludwig-van.com\/montreal\/wp-content\/uploads\/sites\/3\/2019\/08\/OSM-2019-20-Babi_yar_Fr-calendrier.jpg","id":60816,"extension":"jpg","width":1024,"height":569,"sizes":{"thumbnail":{"width":150,"height":150,"mime-type":"image\/jpeg","url":"https:\/\/www.ludwig-van.com\/montreal\/wp-content\/uploads\/sites\/3\/2019\/08\/OSM-2019-20-Babi_yar_Fr-calendrier-150x150.jpg"},"medium":{"width":300,"height":167,"mime-type":"image\/jpeg","url":"https:\/\/www.ludwig-van.com\/montreal\/wp-content\/uploads\/sites\/3\/2019\/08\/OSM-2019-20-Babi_yar_Fr-calendrier-300x167.jpg"},"medium_large":{"width":768,"height":427,"mime-type":"image\/jpeg","url":"https:\/\/www.ludwig-van.com\/montreal\/wp-content\/uploads\/sites\/3\/2019\/08\/OSM-2019-20-Babi_yar_Fr-calendrier-768x427.jpg"},"large":{"width":1024,"height":569,"mime-type":"image\/jpeg","url":"https:\/\/www.ludwig-van.com\/montreal\/wp-content\/uploads\/sites\/3\/2019\/08\/OSM-2019-20-Babi_yar_Fr-calendrier-1024x569.jpg"}}},"all_day":false,"start_date":"2019-09-17 19:00:00","start_date_details":{"year":"2019","month":"09","day":"17","hour":"19","minutes":"00","seconds":"00"},"end_date":"2019-09-17 20:30:00","end_date_details":{"year":"2019","month":"09","day":"17","hour":"20","minutes":"30","seconds":"00"},"utc_start_date":"2019-09-17 23:00:00","utc_start_date_details":{"year":"2019","month":"09","day":"17","hour":"23","minutes":"00","seconds":"00"},"utc_end_date":"2019-09-18 00:30:00","utc_end_date_details":{"year":"2019","month":"09","day":"18","hour":"00","minutes":"30","seconds":"00"},"timezone":"America\/Toronto","timezone_abbr":"EDT","cost":"46$","cost_details":{"currency_symbol":"$","currency_position":"suffix","values":["46"]},"website":"https:\/\/www.osm.ca\/fr\/concerts\/concert-douverture-kent-nagano-dirige-la-symphonie-babi-yar-de-chostakovitch\/","show_map":true,"show_map_link":true,"hide_from_listings":false,"sticky":false,"featured":false,"categories":[{"name":"Orchestra","slug":"orchestra-2","term_group":0,"term_taxonomy_id":5025,"taxonomy":"tribe_events_cat","description":"","parent":0,"count":743,"filter":"raw","id":6487,"urls":{"self":"https:\/\/www.ludwig-van.com\/montreal\/wp-json\/tribe\/events\/v1\/categories\/6487","collection":"https:\/\/www.ludwig-van.com\/montreal\/wp-json\/tribe\/events\/v1\/categories"}},{"name":"piano","slug":"piano-2","term_group":0,"term_taxonomy_id":5065,"taxonomy":"tribe_events_cat","description":"","parent":0,"count":538,"filter":"raw","id":5024,"urls":{"self":"https:\/\/www.ludwig-van.com\/montreal\/wp-json\/tribe\/events\/v1\/categories\/5024","collection":"https:\/\/www.ludwig-van.com\/montreal\/wp-json\/tribe\/events\/v1\/categories"}},{"name":"Vocal","slug":"vocal-2","term_group":0,"term_taxonomy_id":5091,"taxonomy":"tribe_events_cat","description":"","parent":0,"count":548,"filter":"raw","id":5050,"urls":{"self":"https:\/\/www.ludwig-van.com\/montreal\/wp-json\/tribe\/events\/v1\/categories\/5050","collection":"https:\/\/www.ludwig-van.com\/montreal\/wp-json\/tribe\/events\/v1\/categories"}}],"tags":[],"venue":{"id":46843,"author":"1","status":"publish","date":"2017-09-11 17:37:02","date_utc":"2017-09-11 21:37:02","modified":"2017-09-11 17:37:02","modified_utc":"2017-09-11 21:37:02","url":"https:\/\/www.ludwig-van.com\/montreal\/lieu\/maison-symphonique\/","venue":"Maison Symphonique","slug":"maison-symphonique","address":"1600 rue St-Urbain","city":"Montr\u00e9al","country":"Canada","province":"Qu\u00e9bec","zip":"H2S0X1","phone":"(514) 842-2112","stateprovince":"Qu\u00e9bec","geo_lat":45.5310103,"geo_lng":-73.613956,"json_ld":{"@type":"Place","name":"Maison Symphonique","description":"","url":"https:\/\/www.ludwig-van.com\/montreal\/lieu\/maison-symphonique\/","address":{"@type":"PostalAddress","streetAddress":"1600 rue St-Urbain","addressLocality":"Montr\u00e9al","addressRegion":"Qu\u00e9bec","postalCode":"H2S0X1","addressCountry":"Canada"},"geo":{"@type":"GeoCoordinates","latitude":45.5310103,"longitude":-73.613956},"telephone":"(514) 842-2112","sameAs":""},"show_map":true,"show_map_link":true,"global_id":"www.ludwig-van.com\/montreal?id=46843","global_id_lineage":["www.ludwig-van.com\/montreal?id=46843"]},"organizer":[{"id":47393,"author":"1","status":"publish","date":"2017-09-17 14:41:38","date_utc":"2017-09-17 18:41:38","modified":"2017-09-17 14:41:38","modified_utc":"2017-09-17 18:41:38","url":"https:\/\/www.ludwig-van.com\/montreal\/organisateur\/orchestre-symphonique-de-montreal\/","organizer":"Orchestre symphonique de Montr\u00e9al","slug":"orchestre-symphonique-de-montreal","phone":"514-842-9951","website":"http:\/\/www.osm.ca\/","json_ld":{"@type":"Person","name":"Orchestre symphonique de Montr\u00e9al","description":"","url":"https:\/\/www.ludwig-van.com\/montreal\/organisateur\/orchestre-symphonique-de-montreal\/","telephone":"514-842-9951","email":"","sameAs":"http:\/\/www.osm.ca\/"},"global_id":"www.ludwig-van.com\/montreal?id=47393","global_id_lineage":["www.ludwig-van.com\/montreal?id=47393"]}],"json_ld":{"@context":"http:\/\/schema.org","@type":"Event","name":"OSM | Concert d\u2019ouverture : Kent Nagano dirige la symphonie \u00ab Babi Yar \u00bb de Chostakovitch","description":"&lt;p&gt;La Symphonie no13 de Chostakovitch rend un bouleversant hommage aux victimes de l\u2019oppression. Cette \u0153uvre puissante r\u00e9unit le Ch\u0153ur de l\u2019OSM et la c\u00e9l\u00e8bre basse russe Alexander Vinogradov sous la direction de Kent Nagano. La virtuosit\u00e9 sera au rendez-vous avec la magnifique Rhapsodie sur un th\u00e8me de Paganini de Rachmaninov, interpr\u00e9t\u00e9e par le fougueux Denis [&hellip;]&lt;\/p&gt;\\n","image":"https:\/\/www.ludwig-van.com\/montreal\/wp-content\/uploads\/sites\/3\/2019\/08\/OSM-2019-20-Babi_yar_Fr-calendrier.jpg","url":"https:\/\/www.ludwig-van.com\/montreal\/event\/osm-concert-douverture-kent-nagano-dirige-symphonie-babi-yar-de-chostakovitch\/2019-09-17\/","startDate":"2019-09-17T19:00:00-04:00","endDate":"2019-09-17T20:30:00-04:00","location":{"@type":"Place","name":"Maison Symphonique","description":"","url":"https:\/\/www.ludwig-van.com\/montreal\/lieu\/maison-symphonique\/","address":{"@type":"PostalAddress","streetAddress":"1600 rue St-Urbain","addressLocality":"Montr\u00e9al","addressRegion":"Qu\u00e9bec","postalCode":"H2S0X1","addressCountry":"Canada"},"geo":{"@type":"GeoCoordinates","latitude":45.5310103,"longitude":-73.613956},"telephone":"(514) 842-2112","sameAs":""},"organizer":{"@type":"Person","name":"Orchestre symphonique de Montr\u00e9al","description":"","url":"https:\/\/www.ludwig-van.com\/montreal\/organisateur\/orchestre-symphonique-de-montreal\/","telephone":"514-842-9951","email":"","sameAs":"http:\/\/www.osm.ca\/"},"offers":{"@type":"Offer","price":"46","priceCurrency":"$","url":"https:\/\/www.ludwig-van.com\/montreal\/event\/osm-concert-douverture-kent-nagano-dirige-symphonie-babi-yar-de-chostakovitch\/2019-09-17\/","category":"primary","availability":"inStock","validFrom":"1970-01-01T00:00:00+00:00"},"performer":"Organization"}}