{"id":58477,"global_id":"www.ludwig-van.com\/montreal?id=58477","global_id_lineage":["www.ludwig-van.com\/montreal?id=58477"],"author":"1","status":"publish","date":"2019-01-28 18:41:46","date_utc":"2019-01-28 23:41:46","modified":"2019-01-28 18:41:46","modified_utc":"2019-01-28 23:41:46","url":"https:\/\/www.ludwig-van.com\/montreal\/event\/petits-violons-dimanches-musique-3\/","rest_url":"https:\/\/www.ludwig-van.com\/montreal\/wp-json\/tribe\/events\/v1\/events\/58477","title":"Les Petits Violons | Dimanches en musique","description":"<p>Classique et explosif, l\u2019ensemble a\u0300 cordes montre\u0301alais\u00a0<strong>Collectif9<\/strong>\u00a0accumule les succe\u0300s et propose une expe\u0301rience singulie\u0300re en combinant la puissance d\u2019un orchestre au caracte\u0300re incisif d\u2019un ensemble de musique de chambre. Le 17 fe\u0301vrier a\u0300 16 h, ils se joindront a\u0300\u00a0<strong>l\u2019orchestre des Petits Violons<\/strong>\u00a0sur la sce\u0300ne de l\u2019E\u0301glise Saint-Pierre Apo\u0302tre. Se partageant la direction avec\u00a0<strong>Marie-Claire Cousineau<\/strong>, ils interpre\u0300teront Danses roumaines de\u00a0<strong>B. Bartok<\/strong>\u00a0\u2013 orchestration de J. Cousineau,\u00a0Danse espagnole\u00a0de<strong>\u00a0M. De Falla \u2013 F. Kreisler \u2013<\/strong>\u00a0orchestration de J. Cousineau,\u00a0<em>Sonatenzatz<\/em>\u00a0de\u00a0<strong>J. Brahms<\/strong>\u00a0\u2013 orchestration de J. Cousineau, L\u2019enterrement du chasseur De la Symphonie no.1 de\u00a0<strong>G. Mahler<\/strong>\u00a0\u2013 orchestration de T. Bertin-Maghit,\u00a0<em>La\u0308ndler<\/em>, De la symphonie no 2 de\u00a0<strong>G. Mahler<\/strong>\u00a0\u2013 orchestration de T. Bertin-Maghit,\u00a0<em>Danzon<\/em>\u00a0No 2 de\u00a0<strong>A. Marquez<\/strong>\u00a0dans une orchestration de T.Bertin-Maghit, et une pie\u0300ce traditionnelle norve\u0301gienne,\u00a0<em>Old Reinlender from Sonndala.<\/em><\/p>\n<p>Une rencontre unique et e\u0301lectrisante avec de talentueux musiciens !<\/p>\n<p>Entre\u0301e libre ! Contributions volontaires.<\/p>","excerpt":"","slug":"petits-violons-dimanches-musique-3","image":{"url":"https:\/\/www.ludwig-van.com\/montreal\/wp-content\/uploads\/sites\/3\/2018\/02\/Marie-Claire-Cousineau-et-Les-Petits-Violons-en-concert-E\u0301glise-Saint-Pierre-Apo\u0302tre_\u00a9Mikhae\u0308l-Esterez.jpg","id":51852,"extension":"jpg","width":1024,"height":683,"sizes":{"thumbnail":{"width":150,"height":150,"mime-type":"image\/jpeg","url":"https:\/\/www.ludwig-van.com\/montreal\/wp-content\/uploads\/sites\/3\/2018\/02\/Marie-Claire-Cousineau-et-Les-Petits-Violons-en-concert-E\u0301glise-Saint-Pierre-Apo\u0302tre_\u00a9Mikhae\u0308l-Esterez-150x150.jpg"},"medium":{"width":300,"height":200,"mime-type":"image\/jpeg","url":"https:\/\/www.ludwig-van.com\/montreal\/wp-content\/uploads\/sites\/3\/2018\/02\/Marie-Claire-Cousineau-et-Les-Petits-Violons-en-concert-E\u0301glise-Saint-Pierre-Apo\u0302tre_\u00a9Mikhae\u0308l-Esterez-300x200.jpg"},"medium_large":{"width":768,"height":512,"mime-type":"image\/jpeg","url":"https:\/\/www.ludwig-van.com\/montreal\/wp-content\/uploads\/sites\/3\/2018\/02\/Marie-Claire-Cousineau-et-Les-Petits-Violons-en-concert-E\u0301glise-Saint-Pierre-Apo\u0302tre_\u00a9Mikhae\u0308l-Esterez-768x512.jpg"},"large":{"width":1024,"height":683,"mime-type":"image\/jpeg","url":"https:\/\/www.ludwig-van.com\/montreal\/wp-content\/uploads\/sites\/3\/2018\/02\/Marie-Claire-Cousineau-et-Les-Petits-Violons-en-concert-E\u0301glise-Saint-Pierre-Apo\u0302tre_\u00a9Mikhae\u0308l-Esterez-1024x683.jpg"}}},"all_day":false,"start_date":"2019-02-17 16:00:00","start_date_details":{"year":"2019","month":"02","day":"17","hour":"16","minutes":"00","seconds":"00"},"end_date":"2019-02-17 17:30:00","end_date_details":{"year":"2019","month":"02","day":"17","hour":"17","minutes":"30","seconds":"00"},"utc_start_date":"2019-02-17 21:00:00","utc_start_date_details":{"year":"2019","month":"02","day":"17","hour":"21","minutes":"00","seconds":"00"},"utc_end_date":"2019-02-17 22:30:00","utc_end_date_details":{"year":"2019","month":"02","day":"17","hour":"22","minutes":"30","seconds":"00"},"timezone":"America\/Toronto","timezone_abbr":"EST","cost":"Gratuit","cost_details":{"currency_symbol":"$","currency_position":"suffix","values":["0"]},"website":"https:\/\/lespetitsviolons.com\/2019\/01\/18\/concert-le-17-fevrier-2019\/","show_map":true,"show_map_link":true,"hide_from_listings":false,"sticky":false,"featured":false,"categories":[{"name":"Cello","slug":"cello","term_group":0,"term_taxonomy_id":6150,"taxonomy":"tribe_events_cat","description":"","parent":0,"count":373,"filter":"raw","id":6109,"urls":{"self":"https:\/\/www.ludwig-van.com\/montreal\/wp-json\/tribe\/events\/v1\/categories\/6109","collection":"https:\/\/www.ludwig-van.com\/montreal\/wp-json\/tribe\/events\/v1\/categories"}},{"name":"Chamber music","slug":"chamber-music-3","term_group":0,"term_taxonomy_id":5093,"taxonomy":"tribe_events_cat","description":"","parent":0,"count":647,"filter":"raw","id":5052,"urls":{"self":"https:\/\/www.ludwig-van.com\/montreal\/wp-json\/tribe\/events\/v1\/categories\/5052","collection":"https:\/\/www.ludwig-van.com\/montreal\/wp-json\/tribe\/events\/v1\/categories"}},{"name":"viola","slug":"viola-3","term_group":0,"term_taxonomy_id":5165,"taxonomy":"tribe_events_cat","description":"","parent":0,"count":253,"filter":"raw","id":5124,"urls":{"self":"https:\/\/www.ludwig-van.com\/montreal\/wp-json\/tribe\/events\/v1\/categories\/5124","collection":"https:\/\/www.ludwig-van.com\/montreal\/wp-json\/tribe\/events\/v1\/categories"}},{"name":"Violin","slug":"violin","term_group":0,"term_taxonomy_id":5026,"taxonomy":"tribe_events_cat","description":"","parent":0,"count":437,"filter":"raw","id":6476,"urls":{"self":"https:\/\/www.ludwig-van.com\/montreal\/wp-json\/tribe\/events\/v1\/categories\/6476","collection":"https:\/\/www.ludwig-van.com\/montreal\/wp-json\/tribe\/events\/v1\/categories"}}],"tags":[],"venue":{"id":47525,"author":"1","status":"publish","date":"2017-09-18 14:58:33","date_utc":"2017-09-18 18:58:33","modified":"2017-09-18 14:58:33","modified_utc":"2017-09-18 18:58:33","url":"https:\/\/www.ludwig-van.com\/montreal\/lieu\/eglise-saint-pierre-apotre\/","venue":"\u00c9glise Saint-Pierre-Ap\u00f4tre","slug":"eglise-saint-pierre-apotre","address":"1201 rue de la Visitation","city":"Montr\u00e9al","country":"Canada","province":"Qu\u00e9bec","zip":"H2L 2L9","phone":"(514) 524-3791","website":"http:\/\/www.diocesemontreal.org\/leglise-a-montreal\/nos-lieux-de-culte\/nos-paroisses\/eglises\/eglise\/saint-pierre-apotre.html","stateprovince":"Qu\u00e9bec","geo_lat":45.518644,"geo_lng":-73.553544,"json_ld":{"@type":"Place","name":"\u00c9glise Saint-Pierre-Ap\u00f4tre","description":"","url":"https:\/\/www.ludwig-van.com\/montreal\/lieu\/eglise-saint-pierre-apotre\/","address":{"@type":"PostalAddress","streetAddress":"1201 rue de la Visitation","addressLocality":"Montr\u00e9al","addressRegion":"Qu\u00e9bec","postalCode":"H2L 2L9","addressCountry":"Canada"},"geo":{"@type":"GeoCoordinates","latitude":45.518644,"longitude":-73.553544},"telephone":"(514) 524-3791","sameAs":"http:\/\/www.diocesemontreal.org\/leglise-a-montreal\/nos-lieux-de-culte\/nos-paroisses\/eglises\/eglise\/saint-pierre-apotre.html"},"show_map":true,"show_map_link":true,"global_id":"www.ludwig-van.com\/montreal?id=47525","global_id_lineage":["www.ludwig-van.com\/montreal?id=47525"]},"organizer":[{"id":51802,"author":"1","status":"publish","date":"2018-02-16 16:11:11","date_utc":"2018-02-16 21:11:11","modified":"2018-02-16 16:11:11","modified_utc":"2018-02-16 21:11:11","url":"https:\/\/www.ludwig-van.com\/montreal\/organisateur\/les-petits-violons\/","organizer":"Les Petits Violons","slug":"les-petits-violons","phone":"514-274-1736","website":"www.lespetitsviolons.com","email":"petitsviolons@videotron.ca","json_ld":{"@type":"Person","name":"Les Petits Violons","description":"","url":"https:\/\/www.ludwig-van.com\/montreal\/organisateur\/les-petits-violons\/","telephone":"514-274-1736","email":"pet&#105;ts&#118;iolo&#110;s&#64;vid&#101;&#111;&#116;&#114;on.c&#97;","sameAs":"http:\/\/www.lespetitsviolons.com"},"global_id":"www.ludwig-van.com\/montreal?id=51802","global_id_lineage":["www.ludwig-van.com\/montreal?id=51802"]}],"json_ld":{"@context":"http:\/\/schema.org","@type":"Event","name":"Les Petits Violons | Dimanches en musique","description":"&lt;p&gt;Classique et explosif, l\u2019ensemble a\u0300 cordes montre\u0301alais\u00a0Collectif9\u00a0accumule les succe\u0300s et propose une expe\u0301rience singulie\u0300re en combinant la puissance d\u2019un orchestre au caracte\u0300re incisif d\u2019un ensemble de musique de chambre. Le 17 fe\u0301vrier a\u0300 16 h, ils se joindront a\u0300\u00a0l\u2019orchestre des Petits Violons\u00a0sur la sce\u0300ne de l\u2019E\u0301glise Saint-Pierre Apo\u0302tre. Se partageant la direction avec\u00a0Marie-Claire Cousineau, ils [&hellip;]&lt;\/p&gt;\\n","image":"https:\/\/www.ludwig-van.com\/montreal\/wp-content\/uploads\/sites\/3\/2018\/02\/Marie-Claire-Cousineau-et-Les-Petits-Violons-en-concert-E\u0301glise-Saint-Pierre-Apo\u0302tre_\u00a9Mikhae\u0308l-Esterez.jpg","url":"https:\/\/www.ludwig-van.com\/montreal\/event\/petits-violons-dimanches-musique-3\/","startDate":"2019-02-17T16:00:00-05:00","endDate":"2019-02-17T17:30:00-05:00","location":{"@type":"Place","name":"\u00c9glise Saint-Pierre-Ap\u00f4tre","description":"","url":"https:\/\/www.ludwig-van.com\/montreal\/lieu\/eglise-saint-pierre-apotre\/","address":{"@type":"PostalAddress","streetAddress":"1201 rue de la Visitation","addressLocality":"Montr\u00e9al","addressRegion":"Qu\u00e9bec","postalCode":"H2L 2L9","addressCountry":"Canada"},"geo":{"@type":"GeoCoordinates","latitude":45.518644,"longitude":-73.553544},"telephone":"(514) 524-3791","sameAs":"http:\/\/www.diocesemontreal.org\/leglise-a-montreal\/nos-lieux-de-culte\/nos-paroisses\/eglises\/eglise\/saint-pierre-apotre.html"},"organizer":{"@type":"Person","name":"Les Petits Violons","description":"","url":"https:\/\/www.ludwig-van.com\/montreal\/organisateur\/les-petits-violons\/","telephone":"514-274-1736","email":"p&#101;tits&#118;&#105;o&#108;on&#115;&#64;vi&#100;&#101;&#111;t&#114;o&#110;.c&#97;","sameAs":"http:\/\/www.lespetitsviolons.com"},"offers":{"@type":"Offer","price":"0","priceCurrency":"$","url":"https:\/\/www.ludwig-van.com\/montreal\/event\/petits-violons-dimanches-musique-3\/","category":"primary","availability":"inStock","validFrom":"1970-01-01T00:00:00+00:00"},"performer":"Organization"}}