{"id":56482,"global_id":"www.ludwig-van.com\/montreal?id=56482","global_id_lineage":["www.ludwig-van.com\/montreal?id=56482"],"author":"1","status":"publish","date":"2018-09-19 18:05:16","date_utc":"2018-09-19 22:05:16","modified":"2018-09-19 18:05:16","modified_utc":"2018-09-19 22:05:16","url":"https:\/\/www.ludwig-van.com\/montreal\/event\/arte-musica-de-lune\/","rest_url":"https:\/\/www.ludwig-van.com\/montreal\/wp-json\/tribe\/events\/v1\/events\/56482","title":"Arte Musica | Sur les pas de la lune","description":"<p>Pour cette carte blanche, la compositrice canadienne Kelly-Marie Murphy, laur\u00e9ate en 2018 du Prix Azrieli pour la musique, propose un programme comprenant deux de ses propres compositions qui font \u00e9cho \u00e0 l\u2019\u0153uvre la plus c\u00e9l\u00e8bre de Schoenberg, le toujours fascinant\u00a0Pierrot lunaire.<\/p>\n<p>ARTISTES<br \/>\nMireille Lebel, mezzo-soprano<br \/>\nYehonatan Berick, violon et alto<br \/>\nChlo\u00e9 Dominguez, violoncelle<br \/>\nHubert Tanguay-Labrosse, clarinette<br \/>\nClaire Marchand, fl\u00fbte<br \/>\nLouise Bessette, piano<\/p>\n<p>PROGRAMME<br \/>\nSCHOENBERG,\u00a0<em>Pierrot lunaire<\/em>, op. 31<br \/>\nKelly-Marie MURPHY, <em>Sur les pas de la lune<\/em><br \/>\nKelly-Marie MURPHY, <em>To Hold Back the Chaos, I Transformed Fire and Cloud<\/em><\/p>\n<p>Prix : 18.05$ &#8211; 33.92$<\/p>","excerpt":"","slug":"arte-musica-de-lune","image":{"url":"https:\/\/www.ludwig-van.com\/montreal\/wp-content\/uploads\/sites\/3\/2018\/09\/Kelly-Marie-Murphy-photo-Alan-Dean-cal.jpg","id":56474,"extension":"jpg","width":700,"height":500,"sizes":{"thumbnail":{"width":150,"height":150,"mime-type":"image\/jpeg","url":"https:\/\/www.ludwig-van.com\/montreal\/wp-content\/uploads\/sites\/3\/2018\/09\/Kelly-Marie-Murphy-photo-Alan-Dean-cal-150x150.jpg"},"medium":{"width":300,"height":214,"mime-type":"image\/jpeg","url":"https:\/\/www.ludwig-van.com\/montreal\/wp-content\/uploads\/sites\/3\/2018\/09\/Kelly-Marie-Murphy-photo-Alan-Dean-cal-300x214.jpg"}}},"all_day":false,"start_date":"2018-10-09 19:30:00","start_date_details":{"year":"2018","month":"10","day":"09","hour":"19","minutes":"30","seconds":"00"},"end_date":"2018-10-09 21:00:00","end_date_details":{"year":"2018","month":"10","day":"09","hour":"21","minutes":"00","seconds":"00"},"utc_start_date":"2018-10-09 23:30:00","utc_start_date_details":{"year":"2018","month":"10","day":"09","hour":"23","minutes":"30","seconds":"00"},"utc_end_date":"2018-10-10 01:00:00","utc_end_date_details":{"year":"2018","month":"10","day":"10","hour":"01","minutes":"00","seconds":"00"},"timezone":"America\/Toronto","timezone_abbr":"EDT","cost":"18,05$","cost_details":{"currency_symbol":"$","currency_position":"suffix","values":["18.05"]},"website":"https:\/\/www.mbam.qc.ca\/achats-en-ligne\/concerts\/sur-les-pas-de-la-lune\/6234\/","show_map":true,"show_map_link":true,"hide_from_listings":false,"sticky":false,"featured":false,"categories":[{"name":"Cello","slug":"cello","term_group":0,"term_taxonomy_id":6150,"taxonomy":"tribe_events_cat","description":"","parent":0,"count":373,"filter":"raw","id":6109,"urls":{"self":"https:\/\/www.ludwig-van.com\/montreal\/wp-json\/tribe\/events\/v1\/categories\/6109","collection":"https:\/\/www.ludwig-van.com\/montreal\/wp-json\/tribe\/events\/v1\/categories"}},{"name":"Chamber music","slug":"chamber-music-3","term_group":0,"term_taxonomy_id":5093,"taxonomy":"tribe_events_cat","description":"","parent":0,"count":647,"filter":"raw","id":5052,"urls":{"self":"https:\/\/www.ludwig-van.com\/montreal\/wp-json\/tribe\/events\/v1\/categories\/5052","collection":"https:\/\/www.ludwig-van.com\/montreal\/wp-json\/tribe\/events\/v1\/categories"}},{"name":"Contemporary Music","slug":"contemporary-music","term_group":0,"term_taxonomy_id":5368,"taxonomy":"tribe_events_cat","description":"","parent":0,"count":353,"filter":"raw","id":5327,"urls":{"self":"https:\/\/www.ludwig-van.com\/montreal\/wp-json\/tribe\/events\/v1\/categories\/5327","collection":"https:\/\/www.ludwig-van.com\/montreal\/wp-json\/tribe\/events\/v1\/categories"}},{"name":"piano","slug":"piano-2","term_group":0,"term_taxonomy_id":5065,"taxonomy":"tribe_events_cat","description":"","parent":0,"count":538,"filter":"raw","id":5024,"urls":{"self":"https:\/\/www.ludwig-van.com\/montreal\/wp-json\/tribe\/events\/v1\/categories\/5024","collection":"https:\/\/www.ludwig-van.com\/montreal\/wp-json\/tribe\/events\/v1\/categories"}},{"name":"viola","slug":"viola-3","term_group":0,"term_taxonomy_id":5165,"taxonomy":"tribe_events_cat","description":"","parent":0,"count":253,"filter":"raw","id":5124,"urls":{"self":"https:\/\/www.ludwig-van.com\/montreal\/wp-json\/tribe\/events\/v1\/categories\/5124","collection":"https:\/\/www.ludwig-van.com\/montreal\/wp-json\/tribe\/events\/v1\/categories"}},{"name":"Violin","slug":"violin","term_group":0,"term_taxonomy_id":5026,"taxonomy":"tribe_events_cat","description":"","parent":0,"count":437,"filter":"raw","id":6476,"urls":{"self":"https:\/\/www.ludwig-van.com\/montreal\/wp-json\/tribe\/events\/v1\/categories\/6476","collection":"https:\/\/www.ludwig-van.com\/montreal\/wp-json\/tribe\/events\/v1\/categories"}},{"name":"Vocal","slug":"vocal-2","term_group":0,"term_taxonomy_id":5091,"taxonomy":"tribe_events_cat","description":"","parent":0,"count":548,"filter":"raw","id":5050,"urls":{"self":"https:\/\/www.ludwig-van.com\/montreal\/wp-json\/tribe\/events\/v1\/categories\/5050","collection":"https:\/\/www.ludwig-van.com\/montreal\/wp-json\/tribe\/events\/v1\/categories"}}],"tags":[],"venue":{"id":46879,"author":"1","status":"publish","date":"2017-09-11 19:32:24","date_utc":"2017-09-11 23:32:24","modified":"2018-05-26 23:21:27","modified_utc":"2018-05-27 03:21:27","url":"https:\/\/www.ludwig-van.com\/montreal\/lieu\/salle-bourgie\/","venue":"Salle Bourgie","slug":"salle-bourgie","address":"1339 rue Sherbrooke Ouest","city":"Montr\u00e9al","country":"Canada","province":"Qu\u00e9bec","zip":"H3G 1G2","phone":"514 285-2000, option 4","website":"www.sallebourgie.ca","stateprovince":"Qu\u00e9bec","geo_lat":45.4991991,"geo_lng":-73.57963,"json_ld":{"@type":"Place","name":"Salle Bourgie","description":"","url":"https:\/\/www.ludwig-van.com\/montreal\/lieu\/salle-bourgie\/","address":{"@type":"PostalAddress","streetAddress":"1339 rue Sherbrooke Ouest","addressLocality":"Montr\u00e9al","addressRegion":"Qu\u00e9bec","postalCode":"H3G 1G2","addressCountry":"Canada"},"geo":{"@type":"GeoCoordinates","latitude":45.4991991,"longitude":-73.57963},"telephone":"514 285-2000, option 4","sameAs":"www.sallebourgie.ca"},"show_map":true,"show_map_link":true,"global_id":"www.ludwig-van.com\/montreal?id=46879","global_id_lineage":["www.ludwig-van.com\/montreal?id=46879"]},"organizer":[{"id":46908,"author":"1","status":"publish","date":"2017-09-11 20:16:47","date_utc":"2017-09-12 00:16:47","modified":"2018-05-26 23:05:46","modified_utc":"2018-05-27 03:05:46","url":"https:\/\/www.ludwig-van.com\/montreal\/organisateur\/fondation-arte-musica\/","organizer":"Arte Musica","slug":"fondation-arte-musica","phone":"514-285-2000","website":"www.sallebourgie.ca","json_ld":{"@type":"Person","name":"Arte Musica","description":"","url":"https:\/\/www.ludwig-van.com\/montreal\/organisateur\/fondation-arte-musica\/","telephone":"514-285-2000","email":"","sameAs":"http:\/\/www.sallebourgie.ca"},"global_id":"www.ludwig-van.com\/montreal?id=46908","global_id_lineage":["www.ludwig-van.com\/montreal?id=46908"]}],"json_ld":{"@context":"http:\/\/schema.org","@type":"Event","name":"Arte Musica | Sur les pas de la lune","description":"&lt;p&gt;Pour cette carte blanche, la compositrice canadienne Kelly-Marie Murphy, laur\u00e9ate en 2018 du Prix Azrieli pour la musique, propose un programme comprenant deux de ses propres compositions qui font \u00e9cho \u00e0 l\u2019\u0153uvre la plus c\u00e9l\u00e8bre de Schoenberg, le toujours fascinant\u00a0Pierrot lunaire. ARTISTES Mireille Lebel, mezzo-soprano Yehonatan Berick, violon et alto Chlo\u00e9 Dominguez, violoncelle Hubert Tanguay-Labrosse, [&hellip;]&lt;\/p&gt;\\n","image":"https:\/\/www.ludwig-van.com\/montreal\/wp-content\/uploads\/sites\/3\/2018\/09\/Kelly-Marie-Murphy-photo-Alan-Dean-cal.jpg","url":"https:\/\/www.ludwig-van.com\/montreal\/event\/arte-musica-de-lune\/","startDate":"2018-10-09T19:30:00-04:00","endDate":"2018-10-09T21:00:00-04:00","location":{"@type":"Place","name":"Salle Bourgie","description":"","url":"https:\/\/www.ludwig-van.com\/montreal\/lieu\/salle-bourgie\/","address":{"@type":"PostalAddress","streetAddress":"1339 rue Sherbrooke Ouest","addressLocality":"Montr\u00e9al","addressRegion":"Qu\u00e9bec","postalCode":"H3G 1G2","addressCountry":"Canada"},"geo":{"@type":"GeoCoordinates","latitude":45.4991991,"longitude":-73.57963},"telephone":"514 285-2000, option 4","sameAs":"www.sallebourgie.ca"},"organizer":{"@type":"Person","name":"Arte Musica","description":"","url":"https:\/\/www.ludwig-van.com\/montreal\/organisateur\/fondation-arte-musica\/","telephone":"514-285-2000","email":"","sameAs":"http:\/\/www.sallebourgie.ca"},"offers":{"@type":"Offer","price":"18,05","priceCurrency":"$","url":"https:\/\/www.ludwig-van.com\/montreal\/event\/arte-musica-de-lune\/","category":"primary","availability":"inStock","validFrom":"1970-01-01T00:00:00+00:00"},"performer":"Organization"}}