{"id":56169,"global_id":"www.ludwig-van.com\/montreal?id=56169","global_id_lineage":["www.ludwig-van.com\/montreal?id=56169"],"author":"1","status":"publish","date":"2018-09-01 17:32:24","date_utc":"2018-09-01 21:32:24","modified":"2018-09-01 17:32:24","modified_utc":"2018-09-01 21:32:24","url":"https:\/\/www.ludwig-van.com\/montreal\/event\/arion-baroque-leurope-musicale-gouts-reunis-gemischter-gout\/2018-10-11\/","rest_url":"https:\/\/www.ludwig-van.com\/montreal\/wp-json\/tribe\/events\/v1\/events\/56169","title":"Arion Baroque | L\u2019Europe musicale et les go\u00fbts r\u00e9unis \u2013 \u00ab Gemischter Go\u00fbt \u00bb","description":"<p>Chef invit\u00e9 : Luca Guglielmi, clavecin<\/p>\n<p>Pour la premi\u00e8re fois \u00e0 la t\u00eate d\u2019Arion, le chef et claveciniste \u00ab solaire \u00bb Luca Guglielmi, collaborateur de longue date de Jordi Savall, fera jouer de concert diff\u00e9rentes nations r\u00e9unies. Puisant aux sources f\u00e9condes des traditions musicales europ\u00e9ennes, plusieurs des grands compositeurs du baroque ont cherch\u00e9 \u00e0 r\u00e9concilier les diff\u00e9rences sans pour autant nier leur propre nature, favorisant \u00e0 leur mani\u00e8re l\u2019harmonie des peuples. Ce sont avant tout les styles italien et fran\u00e7ais que les Allemands r\u00e9unissent au leur, Telemann choisissant m\u00eame un terme multilingue pour d\u00e9signer l\u2019approche : gemischter Go\u00fbt \u2013 go\u00fbt m\u00e9lang\u00e9.<\/p>\n<p>Programme de concert<br \/>\n<strong>S\u00c9RIE MONTR\u00c9ALAISE :<\/strong><\/p>\n<p>Antonio Vivaldi (1678 \u2013 1741)<\/p>\n<ul>\n<li>Ouverture (<em>Sinfonia avanti l\u2019opera<\/em>) <em>Ottone in Villa<\/em> RV 729 pour 2 hautbois, cordes et basse continue (1713)<br \/>\nAllegro, Larghetto, (Minuet)<\/li>\n<li>Concerto en <em>r\u00e9<\/em> mineur RV 535 pour 2 hautbois, cordes et basse continue<br \/>\nLargo, Allegro, Largo, Allegro molto<\/li>\n<li>Concerto \u201cripieno\u201d en <em>do<\/em> mineur RV 120 pour cordes et basse continue<br \/>\nAllegro non molto, Largo, Allegro<\/li>\n<\/ul>\n<p>Georg Philipp Telemann (1681 \u2013 1767)<\/p>\n<ul>\n<li>Concerto \u00e0 7 en <em>Mi b\u00e9mol<\/em> majeur TWV 54:Es1 pour 2 cors de chasse, cordes et basse continue (tir\u00e9 de la 3e production de Tafelmusik)<br \/>\nMaestoso, Allegro, Grave, Vivace<\/li>\n<\/ul>\n<p>pause<\/p>\n<p>Johann Sebastian Bach (1685 \u2013 1750)<\/p>\n<ul>\n<li>Concerto Brandebourgeois no5 en <em>R\u00e9<\/em> majeur BWV 1050 pour clavecin, fl\u00fbte, violon et cordes<br \/>\nAllegro, Affettuoso, Allegro<\/li>\n<li>Symphonie en <em>Fa<\/em> majeur (premi\u00e8re version du Concerto Brandebourgeois no1) BWV 1046a pour 2 cors de chasse, 3 hautbois, basson, cordes et basse continue<br \/>\nAllegro, Adagio, Menuetto<\/li>\n<\/ul>","excerpt":"","slug":"arion-baroque-leurope-musicale-gouts-reunis-gemischter-gout","image":{"url":"https:\/\/www.ludwig-van.com\/montreal\/wp-content\/uploads\/sites\/3\/2018\/09\/lucaguglie-cal-marco-borggreve.jpg","id":56170,"extension":"jpg","width":700,"height":467,"sizes":{"thumbnail":{"width":150,"height":150,"mime-type":"image\/jpeg","url":"https:\/\/www.ludwig-van.com\/montreal\/wp-content\/uploads\/sites\/3\/2018\/09\/lucaguglie-cal-marco-borggreve-150x150.jpg"},"medium":{"width":300,"height":200,"mime-type":"image\/jpeg","url":"https:\/\/www.ludwig-van.com\/montreal\/wp-content\/uploads\/sites\/3\/2018\/09\/lucaguglie-cal-marco-borggreve-300x200.jpg"}}},"all_day":false,"start_date":"2018-10-11 19:00:00","start_date_details":{"year":"2018","month":"10","day":"11","hour":"19","minutes":"00","seconds":"00"},"end_date":"2018-10-11 21:00:00","end_date_details":{"year":"2018","month":"10","day":"11","hour":"21","minutes":"00","seconds":"00"},"utc_start_date":"2018-10-11 23:00:00","utc_start_date_details":{"year":"2018","month":"10","day":"11","hour":"23","minutes":"00","seconds":"00"},"utc_end_date":"2018-10-12 01:00:00","utc_end_date_details":{"year":"2018","month":"10","day":"12","hour":"01","minutes":"00","seconds":"00"},"timezone":"America\/Toronto","timezone_abbr":"EDT","cost":"62$","cost_details":{"currency_symbol":"$","currency_position":"suffix","values":["62"]},"website":"http:\/\/www.arionbaroque.com\/fr\/concert-1-leurope-musicale-et-les-gouts-reunis-gemischter-gout","show_map":true,"show_map_link":true,"hide_from_listings":false,"sticky":false,"featured":false,"categories":[{"name":"Chamber music","slug":"chamber-music-3","term_group":0,"term_taxonomy_id":5093,"taxonomy":"tribe_events_cat","description":"","parent":0,"count":647,"filter":"raw","id":5052,"urls":{"self":"https:\/\/www.ludwig-van.com\/montreal\/wp-json\/tribe\/events\/v1\/categories\/5052","collection":"https:\/\/www.ludwig-van.com\/montreal\/wp-json\/tribe\/events\/v1\/categories"}},{"name":"Period ensemble","slug":"period-ensemble","term_group":0,"term_taxonomy_id":5094,"taxonomy":"tribe_events_cat","description":"","parent":0,"count":267,"filter":"raw","id":5053,"urls":{"self":"https:\/\/www.ludwig-van.com\/montreal\/wp-json\/tribe\/events\/v1\/categories\/5053","collection":"https:\/\/www.ludwig-van.com\/montreal\/wp-json\/tribe\/events\/v1\/categories"}}],"tags":[],"venue":{"id":46879,"author":"1","status":"publish","date":"2017-09-11 19:32:24","date_utc":"2017-09-11 23:32:24","modified":"2018-05-26 23:21:27","modified_utc":"2018-05-27 03:21:27","url":"https:\/\/www.ludwig-van.com\/montreal\/lieu\/salle-bourgie\/","venue":"Salle Bourgie","slug":"salle-bourgie","address":"1339 rue Sherbrooke Ouest","city":"Montr\u00e9al","country":"Canada","province":"Qu\u00e9bec","zip":"H3G 1G2","phone":"514 285-2000, option 4","website":"www.sallebourgie.ca","stateprovince":"Qu\u00e9bec","geo_lat":45.4991991,"geo_lng":-73.57963,"json_ld":{"@type":"Place","name":"Salle Bourgie","description":"","url":"https:\/\/www.ludwig-van.com\/montreal\/lieu\/salle-bourgie\/","address":{"@type":"PostalAddress","streetAddress":"1339 rue Sherbrooke Ouest","addressLocality":"Montr\u00e9al","addressRegion":"Qu\u00e9bec","postalCode":"H3G 1G2","addressCountry":"Canada"},"geo":{"@type":"GeoCoordinates","latitude":45.4991991,"longitude":-73.57963},"telephone":"514 285-2000, option 4","sameAs":"www.sallebourgie.ca"},"show_map":true,"show_map_link":true,"global_id":"www.ludwig-van.com\/montreal?id=46879","global_id_lineage":["www.ludwig-van.com\/montreal?id=46879"]},"organizer":[{"id":47538,"author":"1","status":"publish","date":"2017-09-18 15:45:29","date_utc":"2017-09-18 19:45:29","modified":"2017-09-18 15:45:29","modified_utc":"2017-09-18 19:45:29","url":"https:\/\/www.ludwig-van.com\/montreal\/organisateur\/arion-orchestre-baroque\/","organizer":"Arion Orchestre Baroque","slug":"arion-orchestre-baroque","phone":"514-355-1825","website":"www.arionbaroque.com","email":"info@arionbaroque.com","json_ld":{"@type":"Person","name":"Arion Orchestre Baroque","description":"","url":"https:\/\/www.ludwig-van.com\/montreal\/organisateur\/arion-orchestre-baroque\/","telephone":"514-355-1825","email":"&#105;&#110;&#102;o&#64;&#97;&#114;&#105;&#111;&#110;b&#97;&#114;&#111;&#113;&#117;e.&#99;om","sameAs":"http:\/\/www.arionbaroque.com"},"global_id":"www.ludwig-van.com\/montreal?id=47538","global_id_lineage":["www.ludwig-van.com\/montreal?id=47538"]}],"json_ld":{"@context":"http:\/\/schema.org","@type":"Event","name":"Arion Baroque | L\u2019Europe musicale et les go\u00fbts r\u00e9unis \u2013 \u00ab Gemischter Go\u00fbt \u00bb","description":"&lt;p&gt;Chef invit\u00e9 : Luca Guglielmi, clavecin Pour la premi\u00e8re fois \u00e0 la t\u00eate d\u2019Arion, le chef et claveciniste \u00ab solaire \u00bb Luca Guglielmi, collaborateur de longue date de Jordi Savall, fera jouer de concert diff\u00e9rentes nations r\u00e9unies. Puisant aux sources f\u00e9condes des traditions musicales europ\u00e9ennes, plusieurs des grands compositeurs du baroque ont cherch\u00e9 \u00e0 r\u00e9concilier [&hellip;]&lt;\/p&gt;\\n","image":"https:\/\/www.ludwig-van.com\/montreal\/wp-content\/uploads\/sites\/3\/2018\/09\/lucaguglie-cal-marco-borggreve.jpg","url":"https:\/\/www.ludwig-van.com\/montreal\/event\/arion-baroque-leurope-musicale-gouts-reunis-gemischter-gout\/2018-10-11\/","startDate":"2018-10-11T19:00:00-04:00","endDate":"2018-10-11T21:00:00-04:00","location":{"@type":"Place","name":"Salle Bourgie","description":"","url":"https:\/\/www.ludwig-van.com\/montreal\/lieu\/salle-bourgie\/","address":{"@type":"PostalAddress","streetAddress":"1339 rue Sherbrooke Ouest","addressLocality":"Montr\u00e9al","addressRegion":"Qu\u00e9bec","postalCode":"H3G 1G2","addressCountry":"Canada"},"geo":{"@type":"GeoCoordinates","latitude":45.4991991,"longitude":-73.57963},"telephone":"514 285-2000, option 4","sameAs":"www.sallebourgie.ca"},"organizer":{"@type":"Person","name":"Arion Orchestre Baroque","description":"","url":"https:\/\/www.ludwig-van.com\/montreal\/organisateur\/arion-orchestre-baroque\/","telephone":"514-355-1825","email":"i&#110;&#102;o&#64;&#97;&#114;ionba&#114;&#111;qu&#101;.&#99;o&#109;","sameAs":"http:\/\/www.arionbaroque.com"},"offers":{"@type":"Offer","price":"62","priceCurrency":"$","url":"https:\/\/www.ludwig-van.com\/montreal\/event\/arion-baroque-leurope-musicale-gouts-reunis-gemischter-gout\/2018-10-11\/","category":"primary","availability":"inStock","validFrom":"1970-01-01T00:00:00+00:00"},"performer":"Organization"}}