{"id":55545,"global_id":"www.ludwig-van.com\/montreal?id=55545","global_id_lineage":["www.ludwig-van.com\/montreal?id=55545"],"author":"1","status":"publish","date":"2018-07-22 17:23:52","date_utc":"2018-07-22 21:23:52","modified":"2018-07-22 17:23:52","modified_utc":"2018-07-22 21:23:52","url":"https:\/\/www.ludwig-van.com\/montreal\/event\/smam-cinq-siecles-a-40-voix\/","rest_url":"https:\/\/www.ludwig-van.com\/montreal\/wp-json\/tribe\/events\/v1\/events\/55545","title":"SMAM | Cinq si\u00e8cles \u00e0 40 voix","description":"<p>Heureux de sa collaboration avec le Trinity Wall Street de New York en 2014 et avec les Elora Singers en 2016, le SMAM s\u2019associe cette ann\u00e9e aux excellents Elmer Iseler Singers de Toronto pour pr\u00e9senter de nouveau un concert choral \u00e0 40 voix. Le r\u00e9pertoire survole cinq si\u00e8cles de musique chorale, allant de Johannes Ockeghem, grand ma\u00eetre du XVe si\u00e8cle, \u00e0 nos jours, en passant par des compositions parfois monumentales sign\u00e9es Guerrero, Marenzio, Lassus, Tomkins ou Gibbons, et par quelques chefsd\u2019\u0153uvre contemporains du Qu\u00e9b\u00e9cois Claude Vivier et des compositeurs canadiens Murray Schafer, Hussein Janmohamed, Peter Togni, Imant Raminsh et Healey Willan, le chef de file de l\u2019\u00e9criture chorale au Canada.<\/p>\n<p>PROGRAMME<br \/>\n\u0152uvres chorales des XVe, XVIe, XVIIe, XXe et XXIe si\u00e8cles<\/p>\n<p>Dur\u00e9e : 1 h 30<\/p>\n<p>DISTRIBUTION<br \/>\n40 chanteurs du SMAM et des Elmer Iseler Singers (Toronto)<br \/>\nLydia Adams et Andrew McAnerney, codirection<\/p>","excerpt":"","slug":"smam-cinq-siecles-a-40-voix","image":{"url":"https:\/\/www.ludwig-van.com\/montreal\/wp-content\/uploads\/sites\/3\/2018\/07\/SMAM_18-19_pageweb_6cinqsiecles40voix_FR-cal.jpg","id":55546,"extension":"jpg","width":700,"height":499,"sizes":{"thumbnail":{"width":150,"height":150,"mime-type":"image\/jpeg","url":"https:\/\/www.ludwig-van.com\/montreal\/wp-content\/uploads\/sites\/3\/2018\/07\/SMAM_18-19_pageweb_6cinqsiecles40voix_FR-cal-150x150.jpg"},"medium":{"width":300,"height":214,"mime-type":"image\/jpeg","url":"https:\/\/www.ludwig-van.com\/montreal\/wp-content\/uploads\/sites\/3\/2018\/07\/SMAM_18-19_pageweb_6cinqsiecles40voix_FR-cal-300x214.jpg"}}},"all_day":false,"start_date":"2018-04-27 19:30:00","start_date_details":{"year":"2018","month":"04","day":"27","hour":"19","minutes":"30","seconds":"00"},"end_date":"2018-04-27 21:00:00","end_date_details":{"year":"2018","month":"04","day":"27","hour":"21","minutes":"00","seconds":"00"},"utc_start_date":"2018-04-27 23:30:00","utc_start_date_details":{"year":"2018","month":"04","day":"27","hour":"23","minutes":"30","seconds":"00"},"utc_end_date":"2018-04-28 01:00:00","utc_end_date_details":{"year":"2018","month":"04","day":"28","hour":"01","minutes":"00","seconds":"00"},"timezone":"America\/Toronto","timezone_abbr":"EDT","cost":"39$","cost_details":{"currency_symbol":"$","currency_position":"suffix","values":["39"]},"website":"http:\/\/smamontreal.ca\/cinq-siecles-a-40-voix\/","show_map":true,"show_map_link":true,"hide_from_listings":false,"sticky":false,"featured":false,"categories":[{"name":"Period ensemble","slug":"period-ensemble","term_group":0,"term_taxonomy_id":5094,"taxonomy":"tribe_events_cat","description":"","parent":0,"count":267,"filter":"raw","id":5053,"urls":{"self":"https:\/\/www.ludwig-van.com\/montreal\/wp-json\/tribe\/events\/v1\/categories\/5053","collection":"https:\/\/www.ludwig-van.com\/montreal\/wp-json\/tribe\/events\/v1\/categories"}},{"name":"Vocal","slug":"vocal-2","term_group":0,"term_taxonomy_id":5091,"taxonomy":"tribe_events_cat","description":"","parent":0,"count":548,"filter":"raw","id":5050,"urls":{"self":"https:\/\/www.ludwig-van.com\/montreal\/wp-json\/tribe\/events\/v1\/categories\/5050","collection":"https:\/\/www.ludwig-van.com\/montreal\/wp-json\/tribe\/events\/v1\/categories"}}],"tags":[],"venue":{"id":47558,"author":"1","status":"publish","date":"2017-09-18 23:09:22","date_utc":"2017-09-19 03:09:22","modified":"2017-09-18 23:09:22","modified_utc":"2017-09-19 03:09:22","url":"https:\/\/www.ludwig-van.com\/montreal\/lieu\/le-gesu\/","venue":"Le Ges\u00f9","slug":"le-gesu","address":"1200, rue de Bleury","city":"Montr\u00e9al","country":"Canada","province":"Qu\u00e9bec","zip":"H3B 3J3","phone":"514-861-4036","website":"http:\/\/www.legesu.com","stateprovince":"Qu\u00e9bec","geo_lat":45.50568,"geo_lng":-73.565996,"json_ld":{"@type":"Place","name":"Le Ges\u00f9","description":"","url":"https:\/\/www.ludwig-van.com\/montreal\/lieu\/le-gesu\/","address":{"@type":"PostalAddress","streetAddress":"1200, rue de Bleury","addressLocality":"Montr\u00e9al","addressRegion":"Qu\u00e9bec","postalCode":"H3B 3J3","addressCountry":"Canada"},"geo":{"@type":"GeoCoordinates","latitude":45.50568,"longitude":-73.565996},"telephone":"514-861-4036","sameAs":"http:\/\/www.legesu.com"},"show_map":true,"show_map_link":true,"global_id":"www.ludwig-van.com\/montreal?id=47558","global_id_lineage":["www.ludwig-van.com\/montreal?id=47558"]},"organizer":[{"id":55527,"author":"1","status":"publish","date":"2018-07-21 22:18:35","date_utc":"2018-07-22 02:18:35","modified":"2018-07-21 22:18:35","modified_utc":"2018-07-22 02:18:35","url":"https:\/\/www.ludwig-van.com\/montreal\/organisateur\/studio-de-musique-ancienne-de-montreal-smam\/","organizer":"Studio de musique ancienne de Montr\u00e9al (SMAM)","slug":"studio-de-musique-ancienne-de-montreal-smam","phone":"514 861-2626","website":"https:\/\/www.smamontreal.ca","email":"info@smamontreal.ca","json_ld":{"@type":"Person","name":"Studio de musique ancienne de Montr\u00e9al (SMAM)","description":"","url":"https:\/\/www.ludwig-van.com\/montreal\/organisateur\/studio-de-musique-ancienne-de-montreal-smam\/","telephone":"514 861-2626","email":"&#105;&#110;f&#111;&#64;&#115;&#109;&#97;mo&#110;&#116;rea&#108;&#46;&#99;a","sameAs":"https:\/\/www.smamontreal.ca"},"global_id":"www.ludwig-van.com\/montreal?id=55527","global_id_lineage":["www.ludwig-van.com\/montreal?id=55527"]}],"json_ld":{"@context":"http:\/\/schema.org","@type":"Event","name":"SMAM | Cinq si\u00e8cles \u00e0 40 voix","description":"&lt;p&gt;Heureux de sa collaboration avec le Trinity Wall Street de New York en 2014 et avec les Elora Singers en 2016, le SMAM s\u2019associe cette ann\u00e9e aux excellents Elmer Iseler Singers de Toronto pour pr\u00e9senter de nouveau un concert choral \u00e0 40 voix. Le r\u00e9pertoire survole cinq si\u00e8cles de musique chorale, allant de Johannes Ockeghem, [&hellip;]&lt;\/p&gt;\\n","image":"https:\/\/www.ludwig-van.com\/montreal\/wp-content\/uploads\/sites\/3\/2018\/07\/SMAM_18-19_pageweb_6cinqsiecles40voix_FR-cal.jpg","url":"https:\/\/www.ludwig-van.com\/montreal\/event\/smam-cinq-siecles-a-40-voix\/","startDate":"2018-04-27T19:30:00-04:00","endDate":"2018-04-27T21:00:00-04:00","location":{"@type":"Place","name":"Le Ges\u00f9","description":"","url":"https:\/\/www.ludwig-van.com\/montreal\/lieu\/le-gesu\/","address":{"@type":"PostalAddress","streetAddress":"1200, rue de Bleury","addressLocality":"Montr\u00e9al","addressRegion":"Qu\u00e9bec","postalCode":"H3B 3J3","addressCountry":"Canada"},"geo":{"@type":"GeoCoordinates","latitude":45.50568,"longitude":-73.565996},"telephone":"514-861-4036","sameAs":"http:\/\/www.legesu.com"},"organizer":{"@type":"Person","name":"Studio de musique ancienne de Montr\u00e9al (SMAM)","description":"","url":"https:\/\/www.ludwig-van.com\/montreal\/organisateur\/studio-de-musique-ancienne-de-montreal-smam\/","telephone":"514 861-2626","email":"in&#102;&#111;&#64;&#115;&#109;a&#109;&#111;nt&#114;e&#97;l.&#99;&#97;","sameAs":"https:\/\/www.smamontreal.ca"},"offers":{"@type":"Offer","price":"39","priceCurrency":"$","url":"https:\/\/www.ludwig-van.com\/montreal\/event\/smam-cinq-siecles-a-40-voix\/","category":"primary","availability":"inStock","validFrom":"1970-01-01T00:00:00+00:00"},"performer":"Organization"}}