{"id":52296,"global_id":"www.ludwig-van.com\/montreal?id=52296","global_id_lineage":["www.ludwig-van.com\/montreal?id=52296"],"author":"1","status":"publish","date":"2018-03-06 20:22:39","date_utc":"2018-03-07 01:22:39","modified":"2018-03-06 20:22:39","modified_utc":"2018-03-07 01:22:39","url":"https:\/\/www.ludwig-van.com\/montreal\/event\/vivier-hectore-navigatore-geants-saint-laurent\/2018-05-08\/","rest_url":"https:\/\/www.ludwig-van.com\/montreal\/wp-json\/tribe\/events\/v1\/events\/52296","title":"Le Vivier | Hectore Navigatore et les G\u00e9ants du Saint-Laurent","description":"<p>Un spectacle multim\u00e9dia haut en couleur o\u00f9 les animaux marins sont joliment mis en musique par des mains expertes. L\u2019\u00e9cologie, un univers fantastique \u00e0 d\u00e9couvrir pour les 6 \u00e0 11 ans !<\/p>\n<p>Spectacle jeune public cr\u00e9\u00e9 par <a href=\"https:\/\/www.levivier.ca\/fr\/redir\/membre\/totemcontemporain\" target=\"_blank\" rel=\"noopener\">Productions Totem Contemporain<\/a> et co-produit par le Groupe le Vivier, Hectore Navigatore met en sc\u00e8ne une jeune fille passionn\u00e9e de baleines et \u00e9prise par-dessus tout de musique. D\u00e9sireuse de chanter avec ses mammif\u00e8res marins favoris, <span class=\"litk-interface t\">Hectore Navigatore<\/span> s\u2019est construit un instrument de musique unique en son genre avec lequel elle reproduit les chants des baleines \u00e0 sa mani\u00e8re. Seulement voil\u00e0, les baleines ont disparu cette ann\u00e9e et Hectore se retrouve seule sur la plage. Par chance, elle fera la rencontre de plusieurs personnages qui l\u2019aideront \u00e0 retrouver ses amies baleines\u00a0!<\/p>\n<p>Une fable \u00e9cologique multim\u00e9dia pour les groupes scolaires de 6 \u00e0 11 ans et les familles.<\/p>\n<p>PARTICIPANTS<\/p>\n<ul>\n<li><a href=\"https:\/\/www.levivier.ca\/fr\/bio\/toninato_id\" target=\"_blank\" rel=\"noopener\">Ida Toninato<\/a><\/li>\n<li><a href=\"https:\/\/www.levivier.ca\/fr\/bio\/dallaramajek_an\" target=\"_blank\" rel=\"noopener\">Ana Dall\u2019Ara-Majek<\/a>, diffusion<\/li>\n<\/ul>\n<p>R\u00e9gulier: 15,00$<br \/>\nEnfant: 7,00$<\/p>","excerpt":"","slug":"vivier-hectore-navigatore-geants-saint-laurent","image":{"url":"https:\/\/www.ludwig-van.com\/montreal\/wp-content\/uploads\/sites\/3\/2018\/03\/Hectore-Navigatore-et-les-Ge\u0301ants-du-Saint-Laurent-.jpg","id":52298,"extension":"jpg","width":700,"height":350,"sizes":{"thumbnail":{"width":150,"height":150,"mime-type":"image\/jpeg","url":"https:\/\/www.ludwig-van.com\/montreal\/wp-content\/uploads\/sites\/3\/2018\/03\/Hectore-Navigatore-et-les-Ge\u0301ants-du-Saint-Laurent--150x150.jpg"},"medium":{"width":300,"height":150,"mime-type":"image\/jpeg","url":"https:\/\/www.ludwig-van.com\/montreal\/wp-content\/uploads\/sites\/3\/2018\/03\/Hectore-Navigatore-et-les-Ge\u0301ants-du-Saint-Laurent--300x150.jpg"}}},"all_day":false,"start_date":"2018-05-08 13:00:00","start_date_details":{"year":"2018","month":"05","day":"08","hour":"13","minutes":"00","seconds":"00"},"end_date":"2018-05-08 14:00:00","end_date_details":{"year":"2018","month":"05","day":"08","hour":"14","minutes":"00","seconds":"00"},"utc_start_date":"2018-05-08 17:00:00","utc_start_date_details":{"year":"2018","month":"05","day":"08","hour":"17","minutes":"00","seconds":"00"},"utc_end_date":"2018-05-08 18:00:00","utc_end_date_details":{"year":"2018","month":"05","day":"08","hour":"18","minutes":"00","seconds":"00"},"timezone":"America\/Toronto","timezone_abbr":"EDT","cost":"15$","cost_details":{"currency_symbol":"$","currency_position":"suffix","values":["15"]},"website":"https:\/\/www.levivier.ca\/fr\/calendrier\/39110","show_map":true,"show_map_link":true,"hide_from_listings":false,"sticky":false,"featured":false,"categories":[{"name":"Contemporary Music","slug":"contemporary-music","term_group":0,"term_taxonomy_id":5368,"taxonomy":"tribe_events_cat","description":"","parent":0,"count":353,"filter":"raw","id":5327,"urls":{"self":"https:\/\/www.ludwig-van.com\/montreal\/wp-json\/tribe\/events\/v1\/categories\/5327","collection":"https:\/\/www.ludwig-van.com\/montreal\/wp-json\/tribe\/events\/v1\/categories"}},{"name":"Kids","slug":"kids","term_group":0,"term_taxonomy_id":6180,"taxonomy":"tribe_events_cat","description":"","parent":0,"count":99,"filter":"raw","id":6139,"urls":{"self":"https:\/\/www.ludwig-van.com\/montreal\/wp-json\/tribe\/events\/v1\/categories\/6139","collection":"https:\/\/www.ludwig-van.com\/montreal\/wp-json\/tribe\/events\/v1\/categories"}}],"tags":[],"venue":{"id":47558,"author":"1","status":"publish","date":"2017-09-18 23:09:22","date_utc":"2017-09-19 03:09:22","modified":"2017-09-18 23:09:22","modified_utc":"2017-09-19 03:09:22","url":"https:\/\/www.ludwig-van.com\/montreal\/lieu\/le-gesu\/","venue":"Le Ges\u00f9","slug":"le-gesu","address":"1200, rue de Bleury","city":"Montr\u00e9al","country":"Canada","province":"Qu\u00e9bec","zip":"H3B 3J3","phone":"514-861-4036","website":"http:\/\/www.legesu.com","stateprovince":"Qu\u00e9bec","geo_lat":45.50568,"geo_lng":-73.565996,"json_ld":{"@type":"Place","name":"Le Ges\u00f9","description":"","url":"https:\/\/www.ludwig-van.com\/montreal\/lieu\/le-gesu\/","address":{"@type":"PostalAddress","streetAddress":"1200, rue de Bleury","addressLocality":"Montr\u00e9al","addressRegion":"Qu\u00e9bec","postalCode":"H3B 3J3","addressCountry":"Canada"},"geo":{"@type":"GeoCoordinates","latitude":45.50568,"longitude":-73.565996},"telephone":"514-861-4036","sameAs":"http:\/\/www.legesu.com"},"show_map":true,"show_map_link":true,"global_id":"www.ludwig-van.com\/montreal?id=47558","global_id_lineage":["www.ludwig-van.com\/montreal?id=47558"]},"organizer":[{"id":47559,"author":"1","status":"publish","date":"2017-09-18 23:09:23","date_utc":"2017-09-19 03:09:23","modified":"2017-09-18 23:09:23","modified_utc":"2017-09-19 03:09:23","url":"https:\/\/www.ludwig-van.com\/montreal\/organisateur\/le-vivier\/","organizer":"Le Vivier","slug":"le-vivier","phone":"514-903-7794","website":"www.levivier.ca","email":"info@levivier.ca","json_ld":{"@type":"Person","name":"Le Vivier","description":"","url":"https:\/\/www.ludwig-van.com\/montreal\/organisateur\/le-vivier\/","telephone":"514-903-7794","email":"&#105;&#110;&#102;o&#64;l&#101;viv&#105;&#101;r&#46;ca","sameAs":"http:\/\/www.levivier.ca"},"global_id":"www.ludwig-van.com\/montreal?id=47559","global_id_lineage":["www.ludwig-van.com\/montreal?id=47559"]}],"json_ld":{"@context":"http:\/\/schema.org","@type":"Event","name":"Le Vivier | Hectore Navigatore et les G\u00e9ants du Saint-Laurent","description":"&lt;p&gt;Un spectacle multim\u00e9dia haut en couleur o\u00f9 les animaux marins sont joliment mis en musique par des mains expertes. L\u2019\u00e9cologie, un univers fantastique \u00e0 d\u00e9couvrir pour les 6 \u00e0 11 ans ! Spectacle jeune public cr\u00e9\u00e9 par Productions Totem Contemporain et co-produit par le Groupe le Vivier, Hectore Navigatore met en sc\u00e8ne une jeune fille [&hellip;]&lt;\/p&gt;\\n","image":"https:\/\/www.ludwig-van.com\/montreal\/wp-content\/uploads\/sites\/3\/2018\/03\/Hectore-Navigatore-et-les-Ge\u0301ants-du-Saint-Laurent-.jpg","url":"https:\/\/www.ludwig-van.com\/montreal\/event\/vivier-hectore-navigatore-geants-saint-laurent\/2018-05-08\/","startDate":"2018-05-08T13:00:00-04:00","endDate":"2018-05-08T14:00:00-04:00","location":{"@type":"Place","name":"Le Ges\u00f9","description":"","url":"https:\/\/www.ludwig-van.com\/montreal\/lieu\/le-gesu\/","address":{"@type":"PostalAddress","streetAddress":"1200, rue de Bleury","addressLocality":"Montr\u00e9al","addressRegion":"Qu\u00e9bec","postalCode":"H3B 3J3","addressCountry":"Canada"},"geo":{"@type":"GeoCoordinates","latitude":45.50568,"longitude":-73.565996},"telephone":"514-861-4036","sameAs":"http:\/\/www.legesu.com"},"organizer":{"@type":"Person","name":"Le Vivier","description":"","url":"https:\/\/www.ludwig-van.com\/montreal\/organisateur\/le-vivier\/","telephone":"514-903-7794","email":"info&#64;&#108;evi&#118;&#105;&#101;&#114;&#46;&#99;&#97;","sameAs":"http:\/\/www.levivier.ca"},"offers":{"@type":"Offer","price":"15","priceCurrency":"$","url":"https:\/\/www.ludwig-van.com\/montreal\/event\/vivier-hectore-navigatore-geants-saint-laurent\/2018-05-08\/","category":"primary","availability":"inStock","validFrom":"2026-03-07T02:18:00+00:00"},"performer":"Organization"}}