{"id":51053,"global_id":"www.ludwig-van.com\/montreal?id=51053","global_id_lineage":["www.ludwig-van.com\/montreal?id=51053"],"author":"1","status":"publish","date":"2018-01-23 17:06:13","date_utc":"2018-01-23 22:06:13","modified":"2018-01-23 17:06:13","modified_utc":"2018-01-23 22:06:13","url":"https:\/\/www.ludwig-van.com\/montreal\/event\/chapelle-historique-pasteur-concert-debussy\/","rest_url":"https:\/\/www.ludwig-van.com\/montreal\/wp-json\/tribe\/events\/v1\/events\/51053","title":"Chapelle Historique du Bon-Pasteur | Concert Debussy","description":"<p>En comm\u00e9moration du centenaire de la mort de Claude Debussy.\u00a0\u0152uvres pour 2 pianos de Debussy et Paul Dukas.<\/p>\n<p>Fran\u00e7ois Zeitouni, piano<br \/>\nOlivier Godin, piano<\/p>\n<p>Paul Dukas\u00a0: La plainte au loin du faune (extr. du Tombeau de Claude Debussy)<br \/>\nClaude Debussy Petite suite (transcription pour deux pianos de Henri B\u00fcsser)<br \/>\nPr\u00e9lude \u00e0 l\u2019apr\u00e8s-midi d\u2019un faune (transcription pour deux pianos de l\u2019auteur)<br \/>\nSix \u00e9pigraphes antiques<br \/>\nEn blanc et noir<\/p>","excerpt":"","slug":"chapelle-historique-pasteur-concert-debussy","image":{"url":"https:\/\/www.ludwig-van.com\/montreal\/wp-content\/uploads\/sites\/3\/2018\/01\/25-mars-Olivier-Godin-Franc\u0327ois-Zeitouni-calendrier.jpg","id":50910,"extension":"jpg","width":700,"height":467,"sizes":{"thumbnail":{"width":150,"height":150,"mime-type":"image\/jpeg","url":"https:\/\/www.ludwig-van.com\/montreal\/wp-content\/uploads\/sites\/3\/2018\/01\/25-mars-Olivier-Godin-Franc\u0327ois-Zeitouni-calendrier-150x150.jpg"},"medium":{"width":300,"height":200,"mime-type":"image\/jpeg","url":"https:\/\/www.ludwig-van.com\/montreal\/wp-content\/uploads\/sites\/3\/2018\/01\/25-mars-Olivier-Godin-Franc\u0327ois-Zeitouni-calendrier-300x200.jpg"}}},"all_day":false,"start_date":"2018-03-25 15:00:00","start_date_details":{"year":"2018","month":"03","day":"25","hour":"15","minutes":"00","seconds":"00"},"end_date":"2018-03-25 17:00:00","end_date_details":{"year":"2018","month":"03","day":"25","hour":"17","minutes":"00","seconds":"00"},"utc_start_date":"2018-03-25 19:00:00","utc_start_date_details":{"year":"2018","month":"03","day":"25","hour":"19","minutes":"00","seconds":"00"},"utc_end_date":"2018-03-25 21:00:00","utc_end_date_details":{"year":"2018","month":"03","day":"25","hour":"21","minutes":"00","seconds":"00"},"timezone":"America\/Toronto","timezone_abbr":"EDT","cost":"Gratuit","cost_details":{"currency_symbol":"$","currency_position":"suffix","values":["0"]},"website":"http:\/\/www.accesculture.com\/activite\/CONCERT_DEBUSSY","show_map":true,"show_map_link":true,"hide_from_listings":false,"sticky":false,"featured":false,"categories":[{"name":"Chamber music","slug":"chamber-music-3","term_group":0,"term_taxonomy_id":5093,"taxonomy":"tribe_events_cat","description":"","parent":0,"count":647,"filter":"raw","id":5052,"urls":{"self":"https:\/\/www.ludwig-van.com\/montreal\/wp-json\/tribe\/events\/v1\/categories\/5052","collection":"https:\/\/www.ludwig-van.com\/montreal\/wp-json\/tribe\/events\/v1\/categories"}},{"name":"piano","slug":"piano-2","term_group":0,"term_taxonomy_id":5065,"taxonomy":"tribe_events_cat","description":"","parent":0,"count":538,"filter":"raw","id":5024,"urls":{"self":"https:\/\/www.ludwig-van.com\/montreal\/wp-json\/tribe\/events\/v1\/categories\/5024","collection":"https:\/\/www.ludwig-van.com\/montreal\/wp-json\/tribe\/events\/v1\/categories"}}],"tags":[],"venue":{"id":47459,"author":"1","status":"publish","date":"2017-09-17 22:00:21","date_utc":"2017-09-18 02:00:21","modified":"2017-09-17 22:00:21","modified_utc":"2017-09-18 02:00:21","url":"https:\/\/www.ludwig-van.com\/montreal\/lieu\/chapelle-historique-du-bon-pasteur\/","venue":"Chapelle Historique du Bon-Pasteur","slug":"chapelle-historique-du-bon-pasteur","address":"100, rue Sherbrooke Est","city":"Montr\u00e9al","country":"Canada","province":"Qu\u00e9bec","zip":"H2X 1C3","phone":"514 872-5338","website":"http:\/\/www.accesculture.com\/emplacement\/Chapelle_historique_du_Bon_Pasteur","stateprovince":"Qu\u00e9bec","geo_lat":45.5134842,"geo_lng":-73.5685097,"json_ld":{"@type":"Place","name":"Chapelle Historique du Bon-Pasteur","description":"","url":"https:\/\/www.ludwig-van.com\/montreal\/lieu\/chapelle-historique-du-bon-pasteur\/","address":{"@type":"PostalAddress","streetAddress":"100, rue Sherbrooke Est","addressLocality":"Montr\u00e9al","addressRegion":"Qu\u00e9bec","postalCode":"H2X 1C3","addressCountry":"Canada"},"geo":{"@type":"GeoCoordinates","latitude":45.5134842,"longitude":-73.5685097},"telephone":"514 872-5338","sameAs":"http:\/\/www.accesculture.com\/emplacement\/Chapelle_historique_du_Bon_Pasteur"},"show_map":true,"show_map_link":true,"global_id":"www.ludwig-van.com\/montreal?id=47459","global_id_lineage":["www.ludwig-van.com\/montreal?id=47459"]},"organizer":[{"id":47460,"author":"1","status":"publish","date":"2017-09-17 22:00:22","date_utc":"2017-09-18 02:00:22","modified":"2017-09-17 22:00:22","modified_utc":"2017-09-18 02:00:22","url":"https:\/\/www.ludwig-van.com\/montreal\/organisateur\/chapelle-historique-du-bon-pasteur\/","organizer":"Chapelle Historique du Bon-Pasteur","slug":"chapelle-historique-du-bon-pasteur","phone":"514 872-5338","website":"http:\/\/www.accesculture.com\/emplacement\/Chapelle_historique_du_Bon_Pasteur","email":"chapelle@ville.montreal.qc.ca","json_ld":{"@type":"Person","name":"Chapelle Historique du Bon-Pasteur","description":"","url":"https:\/\/www.ludwig-van.com\/montreal\/organisateur\/chapelle-historique-du-bon-pasteur\/","telephone":"514 872-5338","email":"&#99;h&#97;&#112;el&#108;e&#64;v&#105;ll&#101;.&#109;&#111;n&#116;&#114;&#101;al&#46;&#113;&#99;&#46;ca","sameAs":"http:\/\/www.accesculture.com\/emplacement\/Chapelle_historique_du_Bon_Pasteur"},"global_id":"www.ludwig-van.com\/montreal?id=47460","global_id_lineage":["www.ludwig-van.com\/montreal?id=47460"]}],"json_ld":{"@context":"http:\/\/schema.org","@type":"Event","name":"Chapelle Historique du Bon-Pasteur | Concert Debussy","description":"&lt;p&gt;En comm\u00e9moration du centenaire de la mort de Claude Debussy.\u00a0\u0152uvres pour 2 pianos de Debussy et Paul Dukas. Fran\u00e7ois Zeitouni, piano Olivier Godin, piano Paul Dukas\u00a0: La plainte au loin du faune (extr. du Tombeau de Claude Debussy) Claude Debussy Petite suite (transcription pour deux pianos de Henri B\u00fcsser) Pr\u00e9lude \u00e0 l\u2019apr\u00e8s-midi d\u2019un faune (transcription [&hellip;]&lt;\/p&gt;\\n","image":"https:\/\/www.ludwig-van.com\/montreal\/wp-content\/uploads\/sites\/3\/2018\/01\/25-mars-Olivier-Godin-Franc\u0327ois-Zeitouni-calendrier.jpg","url":"https:\/\/www.ludwig-van.com\/montreal\/event\/chapelle-historique-pasteur-concert-debussy\/","startDate":"2018-03-25T15:00:00-04:00","endDate":"2018-03-25T17:00:00-04:00","location":{"@type":"Place","name":"Chapelle Historique du Bon-Pasteur","description":"","url":"https:\/\/www.ludwig-van.com\/montreal\/lieu\/chapelle-historique-du-bon-pasteur\/","address":{"@type":"PostalAddress","streetAddress":"100, rue Sherbrooke Est","addressLocality":"Montr\u00e9al","addressRegion":"Qu\u00e9bec","postalCode":"H2X 1C3","addressCountry":"Canada"},"geo":{"@type":"GeoCoordinates","latitude":45.5134842,"longitude":-73.5685097},"telephone":"514 872-5338","sameAs":"http:\/\/www.accesculture.com\/emplacement\/Chapelle_historique_du_Bon_Pasteur"},"organizer":{"@type":"Person","name":"Chapelle Historique du Bon-Pasteur","description":"","url":"https:\/\/www.ludwig-van.com\/montreal\/organisateur\/chapelle-historique-du-bon-pasteur\/","telephone":"514 872-5338","email":"chapel&#108;&#101;&#64;v&#105;&#108;&#108;&#101;&#46;m&#111;&#110;&#116;r&#101;&#97;l&#46;&#113;&#99;.&#99;&#97;","sameAs":"http:\/\/www.accesculture.com\/emplacement\/Chapelle_historique_du_Bon_Pasteur"},"offers":{"@type":"Offer","price":"0","priceCurrency":"$","url":"https:\/\/www.ludwig-van.com\/montreal\/event\/chapelle-historique-pasteur-concert-debussy\/","category":"primary","availability":"inStock","validFrom":"1970-01-01T00:00:00+00:00"},"performer":"Organization"}}