{"id":51014,"global_id":"www.ludwig-van.com\/montreal?id=51014","global_id_lineage":["www.ludwig-van.com\/montreal?id=51014"],"author":"1","status":"publish","date":"2018-01-22 14:54:01","date_utc":"2018-01-22 19:54:01","modified":"2018-04-03 21:13:01","modified_utc":"2018-04-04 01:13:01","url":"https:\/\/www.ludwig-van.com\/montreal\/event\/orchestre-metropolitain-carte-blanche-a-serhiy-salov\/","rest_url":"https:\/\/www.ludwig-van.com\/montreal\/wp-json\/tribe\/events\/v1\/events\/51014","title":"Orchestre M\u00e9tropolitain | Carte blanche \u00e0 Serhiy Salov","description":"<p>Serhiy Salov s\u2019entoure de musiciens de l\u2019Orchestre pour donner vie \u00e0 la musique pour cordes et piano de Brahms \u2013 le ma\u00eetre du genre \u2013 et de Chostakovitch \u2013 qui y red\u00e9finit le r\u00f4le du pianiste.<\/p>\n<p><strong>Piano<\/strong><u><br \/>\n<\/u>Serhiy Salov<\/p>\n<p><strong>Violons<\/strong><u><br \/>\n<\/u>Yukari Cousineau &amp; Nancy Ricard<\/p>\n<p><strong>Alto<\/strong><u><br \/>\n<\/u>Elvira Misbakhova<\/p>\n<p><strong>Violoncelle<\/strong><u><br \/>\n<\/u>Christopher Best<\/p>\n<div class=\"concert-small-title\">OEUVRES<br \/>\n<strong style=\"line-height: inherit;\">BRAHMS<br \/>\n<\/strong><span style=\"line-height: inherit;\">Trio pour piano et cordes no 1, en si majeur (op. 8)<\/span><\/div>\n<div class=\"single-piece\">\n<p><strong>CHOSTAKOVITCH<br \/>\n<\/strong>Quintette pour piano et cordes, en sol mineur (op. 57)<\/p>\n<\/div>","excerpt":"","slug":"orchestre-metropolitain-carte-blanche-a-serhiy-salov","image":{"url":"https:\/\/www.ludwig-van.com\/montreal\/wp-content\/uploads\/sites\/3\/2017\/10\/02_SERHIY_SALOV.jpg","id":48905,"extension":"jpg","width":700,"height":467,"sizes":{"thumbnail":{"width":150,"height":150,"mime-type":"image\/jpeg","url":"https:\/\/www.ludwig-van.com\/montreal\/wp-content\/uploads\/sites\/3\/2017\/10\/02_SERHIY_SALOV-150x150.jpg"},"medium":{"width":300,"height":200,"mime-type":"image\/jpeg","url":"https:\/\/www.ludwig-van.com\/montreal\/wp-content\/uploads\/sites\/3\/2017\/10\/02_SERHIY_SALOV-300x200.jpg"}}},"all_day":false,"start_date":"2018-05-09 19:30:00","start_date_details":{"year":"2018","month":"05","day":"09","hour":"19","minutes":"30","seconds":"00"},"end_date":"2018-05-09 21:30:00","end_date_details":{"year":"2018","month":"05","day":"09","hour":"21","minutes":"30","seconds":"00"},"utc_start_date":"2018-05-09 23:30:00","utc_start_date_details":{"year":"2018","month":"05","day":"09","hour":"23","minutes":"30","seconds":"00"},"utc_end_date":"2018-05-10 01:30:00","utc_end_date_details":{"year":"2018","month":"05","day":"10","hour":"01","minutes":"30","seconds":"00"},"timezone":"America\/Toronto","timezone_abbr":"EDT","cost":"33,92$","cost_details":{"currency_symbol":"$","currency_position":"suffix","values":["33.92"]},"website":"http:\/\/orchestremetropolitain.com\/fr\/concert\/carte-blanche-serhiy-salov","show_map":true,"show_map_link":true,"hide_from_listings":false,"sticky":false,"featured":false,"categories":[{"name":"Cello","slug":"cello","term_group":0,"term_taxonomy_id":6150,"taxonomy":"tribe_events_cat","description":"","parent":0,"count":373,"filter":"raw","id":6109,"urls":{"self":"https:\/\/www.ludwig-van.com\/montreal\/wp-json\/tribe\/events\/v1\/categories\/6109","collection":"https:\/\/www.ludwig-van.com\/montreal\/wp-json\/tribe\/events\/v1\/categories"}},{"name":"Orchestra","slug":"orchestra-2","term_group":0,"term_taxonomy_id":5025,"taxonomy":"tribe_events_cat","description":"","parent":0,"count":744,"filter":"raw","id":6487,"urls":{"self":"https:\/\/www.ludwig-van.com\/montreal\/wp-json\/tribe\/events\/v1\/categories\/6487","collection":"https:\/\/www.ludwig-van.com\/montreal\/wp-json\/tribe\/events\/v1\/categories"}},{"name":"piano","slug":"piano-2","term_group":0,"term_taxonomy_id":5065,"taxonomy":"tribe_events_cat","description":"","parent":0,"count":538,"filter":"raw","id":5024,"urls":{"self":"https:\/\/www.ludwig-van.com\/montreal\/wp-json\/tribe\/events\/v1\/categories\/5024","collection":"https:\/\/www.ludwig-van.com\/montreal\/wp-json\/tribe\/events\/v1\/categories"}},{"name":"viola","slug":"viola-3","term_group":0,"term_taxonomy_id":5165,"taxonomy":"tribe_events_cat","description":"","parent":0,"count":253,"filter":"raw","id":5124,"urls":{"self":"https:\/\/www.ludwig-van.com\/montreal\/wp-json\/tribe\/events\/v1\/categories\/5124","collection":"https:\/\/www.ludwig-van.com\/montreal\/wp-json\/tribe\/events\/v1\/categories"}},{"name":"Violin","slug":"violin","term_group":0,"term_taxonomy_id":5026,"taxonomy":"tribe_events_cat","description":"","parent":0,"count":437,"filter":"raw","id":6476,"urls":{"self":"https:\/\/www.ludwig-van.com\/montreal\/wp-json\/tribe\/events\/v1\/categories\/6476","collection":"https:\/\/www.ludwig-van.com\/montreal\/wp-json\/tribe\/events\/v1\/categories"}}],"tags":[],"venue":{"id":46879,"author":"1","status":"publish","date":"2017-09-11 19:32:24","date_utc":"2017-09-11 23:32:24","modified":"2018-05-26 23:21:27","modified_utc":"2018-05-27 03:21:27","url":"https:\/\/www.ludwig-van.com\/montreal\/lieu\/salle-bourgie\/","venue":"Salle Bourgie","slug":"salle-bourgie","address":"1339 rue Sherbrooke Ouest","city":"Montr\u00e9al","country":"Canada","province":"Qu\u00e9bec","zip":"H3G 1G2","phone":"514 285-2000, option 4","website":"www.sallebourgie.ca","stateprovince":"Qu\u00e9bec","geo_lat":45.4991991,"geo_lng":-73.57963,"json_ld":{"@type":"Place","name":"Salle Bourgie","description":"","url":"https:\/\/www.ludwig-van.com\/montreal\/lieu\/salle-bourgie\/","address":{"@type":"PostalAddress","streetAddress":"1339 rue Sherbrooke Ouest","addressLocality":"Montr\u00e9al","addressRegion":"Qu\u00e9bec","postalCode":"H3G 1G2","addressCountry":"Canada"},"geo":{"@type":"GeoCoordinates","latitude":45.4991991,"longitude":-73.57963},"telephone":"514 285-2000, option 4","sameAs":"www.sallebourgie.ca"},"show_map":true,"show_map_link":true,"global_id":"www.ludwig-van.com\/montreal?id=46879","global_id_lineage":["www.ludwig-van.com\/montreal?id=46879"]},"organizer":[{"id":46915,"author":"1","status":"publish","date":"2017-09-11 20:32:17","date_utc":"2017-09-12 00:32:17","modified":"2017-09-11 20:32:17","modified_utc":"2017-09-12 00:32:17","url":"https:\/\/www.ludwig-van.com\/montreal\/organisateur\/orchestre-metropolitain\/","organizer":"Orchestre M\u00e9tropolitain","slug":"orchestre-metropolitain","phone":"514 842-2112","website":"http:\/\/orchestremetropolitain.com\/","email":"billets@placedesarts.com","json_ld":{"@type":"Person","name":"Orchestre M\u00e9tropolitain","description":"","url":"https:\/\/www.ludwig-van.com\/montreal\/organisateur\/orchestre-metropolitain\/","telephone":"514 842-2112","email":"&#98;&#105;&#108;l&#101;&#116;s&#64;pl&#97;ced&#101;&#115;&#97;&#114;&#116;s&#46;&#99;o&#109;","sameAs":"http:\/\/orchestremetropolitain.com\/"},"global_id":"www.ludwig-van.com\/montreal?id=46915","global_id_lineage":["www.ludwig-van.com\/montreal?id=46915"]},{"id":46908,"author":"1","status":"publish","date":"2017-09-11 20:16:47","date_utc":"2017-09-12 00:16:47","modified":"2018-05-26 23:05:46","modified_utc":"2018-05-27 03:05:46","url":"https:\/\/www.ludwig-van.com\/montreal\/organisateur\/fondation-arte-musica\/","organizer":"Arte Musica","slug":"fondation-arte-musica","phone":"514-285-2000","website":"www.sallebourgie.ca","json_ld":{"@type":"Person","name":"Arte Musica","description":"","url":"https:\/\/www.ludwig-van.com\/montreal\/organisateur\/fondation-arte-musica\/","telephone":"514-285-2000","email":"","sameAs":"http:\/\/www.sallebourgie.ca"},"global_id":"www.ludwig-van.com\/montreal?id=46908","global_id_lineage":["www.ludwig-van.com\/montreal?id=46908"]}],"json_ld":{"@context":"http:\/\/schema.org","@type":"Event","name":"Orchestre M\u00e9tropolitain | Carte blanche \u00e0 Serhiy Salov","description":"&lt;p&gt;Serhiy Salov s\u2019entoure de musiciens de l\u2019Orchestre pour donner vie \u00e0 la musique pour cordes et piano de Brahms \u2013 le ma\u00eetre du genre \u2013 et de Chostakovitch \u2013 qui y red\u00e9finit le r\u00f4le du pianiste. Piano Serhiy Salov Violons Yukari Cousineau &amp; Nancy Ricard Alto Elvira Misbakhova Violoncelle Christopher Best OEUVRES BRAHMS Trio pour [&hellip;]&lt;\/p&gt;\\n","image":"https:\/\/www.ludwig-van.com\/montreal\/wp-content\/uploads\/sites\/3\/2017\/10\/02_SERHIY_SALOV.jpg","url":"https:\/\/www.ludwig-van.com\/montreal\/event\/orchestre-metropolitain-carte-blanche-a-serhiy-salov\/","startDate":"2018-05-09T19:30:00-04:00","endDate":"2018-05-09T21:30:00-04:00","location":{"@type":"Place","name":"Salle Bourgie","description":"","url":"https:\/\/www.ludwig-van.com\/montreal\/lieu\/salle-bourgie\/","address":{"@type":"PostalAddress","streetAddress":"1339 rue Sherbrooke Ouest","addressLocality":"Montr\u00e9al","addressRegion":"Qu\u00e9bec","postalCode":"H3G 1G2","addressCountry":"Canada"},"geo":{"@type":"GeoCoordinates","latitude":45.4991991,"longitude":-73.57963},"telephone":"514 285-2000, option 4","sameAs":"www.sallebourgie.ca"},"organizer":{"@type":"Person","name":"Orchestre M\u00e9tropolitain","description":"","url":"https:\/\/www.ludwig-van.com\/montreal\/organisateur\/orchestre-metropolitain\/","telephone":"514 842-2112","email":"&#98;il&#108;&#101;&#116;s&#64;&#112;&#108;ace&#100;e&#115;art&#115;.c&#111;m","sameAs":"http:\/\/orchestremetropolitain.com\/"},"offers":{"@type":"Offer","price":"33,92","priceCurrency":"$","url":"https:\/\/www.ludwig-van.com\/montreal\/event\/orchestre-metropolitain-carte-blanche-a-serhiy-salov\/","category":"primary","availability":"inStock","validFrom":"1970-01-01T00:00:00+00:00"},"performer":"Organization"}}