{"id":48543,"global_id":"www.ludwig-van.com\/montreal?id=48543","global_id_lineage":["www.ludwig-van.com\/montreal?id=48543"],"author":"1","status":"publish","date":"2017-10-05 20:18:01","date_utc":"2017-10-06 00:18:01","modified":"2017-10-05 20:18:01","modified_utc":"2017-10-06 00:18:01","url":"https:\/\/www.ludwig-van.com\/montreal\/event\/festival-bach-montreal-prelude-thomaner-heritiers-grand-bach\/","rest_url":"https:\/\/www.ludwig-van.com\/montreal\/wp-json\/tribe\/events\/v1\/events\/48543","title":"Festival Bach Montr\u00e9al | Pr\u00e9lude: Les Thomaner: h\u00e9ritiers du grand Bach","description":"<p>Plusieurs m\u00e9lomanes se souviendront du concert \u00e9lectrisant donn\u00e9 en 2013 par le Thomanerchor de Leipzig. Cette ann\u00e9e vous avez la chance d\u2019entendre de nouveau le fameux choeur de St-Thomas dans un programme captivant qui comprend non seulement des oeuvres sacr\u00e9es majeures de Bach et de Mendelssohn mais aussi des musiques exquises peut-\u00eatre moins connues de Heinrich Sch\u00fctz et Johann Hermann Schein. Une c\u00e9l\u00e9bration des 500 ans de la R\u00e9forme!<\/p>\n<p><strong>Ch\u0153ur de l\u2019\u00c9glise St. Thomas de Leipzig<\/strong><br \/>\n<strong>Gotthold Schwarz<\/strong>, Thomaskantor<br \/>\n<strong>Hartmut Becker<\/strong>, Violoncelle<br \/>\n<strong>Stefan Altner<\/strong>, Orgue<\/p>\n<p><strong>Heinrich Sch\u00fctz (1585-1672)<\/strong><br \/>\n<em>\u00a0\u2022 \u00a0Jauchzet dem Herren alle Welt<\/em>, <em>Psaume de David<\/em> n\u00b0 100, pour deux ch\u0153urs \u00e0 quatre voix, SWV 36<br \/>\n<em>\u00a0\u2022 \u00a0Also hat Gott die Welt geliebt<\/em>, Aria \u00e0\u00a0cinq voix, SWV 380<br \/>\n<em>\u2022 \u00a0\u00a0Verleih uns Freiden<\/em>, Motet pour ch\u0153ur \u00e0 cinq voix, SWV 372<br \/>\n<em>\u00a0\u2022 \u00a0Gib unsern F\u00fcrsten<\/em>, Motet pour ch\u0153ur \u00e0 cinq voix, SWV 373<\/p>\n<p><strong>Johann Hermann Schein (1586-1630)<\/strong><br \/>\n<em>\u00a0\u2022 \u00a0Herr Gott, du unser Zuflucht bist<\/em>, pour ch\u0153ur \u00e0 quatre voix<br \/>\n<em>\u2022 \u00a0\u00a0Nun danket alle Gott<\/em>, extrait des Fontaines d&rsquo;Isra\u00ebl, Motet pour ch\u0153ur \u00e0 six voix<\/p>\n<p><strong>Johann Sebastian Bach (1685-1750)<\/strong><br \/>\n<em>\u00a0\u2022 \u00a0Der Geist hilft unser Schwachheit auf<\/em>, Motet pour deux ch\u0153urs \u00e0 quatre voix, BWV 226<br \/>\n<em>\u00a0\u2022 \u00a0<\/em><em>Komm, Jesu, komm<\/em>, Motet pour deux ch\u0153urs \u00e0 quatre voix, BWV 229<br \/>\n<em>\u00a0\u2022 \u00a0<\/em><em>F\u00fcrchte dich nicht<\/em>, Motet pour deux ch\u0153urs \u00e0 quatre voix, BWV 228<\/p>\n<p><strong>Felix Mendelssohn Bartholdy (1809-1847)<\/strong><br \/>\n<em>\u00a0\u2022 \u00a0Richte mich Gott<\/em>, Psaume n\u00b0 43, op. 78, n\u00b0 2, Motet pour ch\u0153ur \u00e0 huit voix, MWV B 46<br \/>\n<em>\u2022 \u00a0\u00a0Kyrie eleison<\/em>, extrait de Die deutsche Liturgie, Motet pour deux ch\u0153urs \u00e0 quatre voix, MWV B 57<br \/>\n\u2022 \u00a0<em>Ehre sei Gott in der H\u00f6he<\/em>, extrait de Die deutsche Liturgie, pour voix seules et deux ch\u0153urs \u00e0 quatre voix, MWV B 57<\/p>","excerpt":"","slug":"festival-bach-montreal-prelude-thomaner-heritiers-grand-bach","image":{"url":"https:\/\/www.ludwig-van.com\/montreal\/wp-content\/uploads\/sites\/3\/2017\/10\/Thomanerchor.jpg","id":48544,"extension":"jpg","width":700,"height":467,"sizes":{"thumbnail":{"width":150,"height":150,"mime-type":"image\/jpeg","url":"https:\/\/www.ludwig-van.com\/montreal\/wp-content\/uploads\/sites\/3\/2017\/10\/Thomanerchor-150x150.jpg"},"medium":{"width":300,"height":200,"mime-type":"image\/jpeg","url":"https:\/\/www.ludwig-van.com\/montreal\/wp-content\/uploads\/sites\/3\/2017\/10\/Thomanerchor-300x200.jpg"}}},"all_day":false,"start_date":"2017-11-08 19:30:00","start_date_details":{"year":"2017","month":"11","day":"08","hour":"19","minutes":"30","seconds":"00"},"end_date":"2017-11-08 21:30:00","end_date_details":{"year":"2017","month":"11","day":"08","hour":"21","minutes":"30","seconds":"00"},"utc_start_date":"2017-11-09 00:30:00","utc_start_date_details":{"year":"2017","month":"11","day":"09","hour":"00","minutes":"30","seconds":"00"},"utc_end_date":"2017-11-09 02:30:00","utc_end_date_details":{"year":"2017","month":"11","day":"09","hour":"02","minutes":"30","seconds":"00"},"timezone":"America\/Toronto","timezone_abbr":"EST","cost":"20$","cost_details":{"currency_symbol":"$","currency_position":"suffix","values":["20"]},"website":"http:\/\/www.festivalbachmontreal.com\/evenements?language=fr_FR&amp;&amp;event_id=63","show_map":true,"show_map_link":true,"hide_from_listings":false,"sticky":false,"featured":false,"categories":[{"name":"Cello","slug":"cello","term_group":0,"term_taxonomy_id":6150,"taxonomy":"tribe_events_cat","description":"","parent":0,"count":373,"filter":"raw","id":6109,"urls":{"self":"https:\/\/www.ludwig-van.com\/montreal\/wp-json\/tribe\/events\/v1\/categories\/6109","collection":"https:\/\/www.ludwig-van.com\/montreal\/wp-json\/tribe\/events\/v1\/categories"}},{"name":"Organ","slug":"organ","term_group":0,"term_taxonomy_id":5603,"taxonomy":"tribe_events_cat","description":"","parent":0,"count":159,"filter":"raw","id":5562,"urls":{"self":"https:\/\/www.ludwig-van.com\/montreal\/wp-json\/tribe\/events\/v1\/categories\/5562","collection":"https:\/\/www.ludwig-van.com\/montreal\/wp-json\/tribe\/events\/v1\/categories"}},{"name":"Vocal","slug":"vocal-2","term_group":0,"term_taxonomy_id":5091,"taxonomy":"tribe_events_cat","description":"","parent":0,"count":548,"filter":"raw","id":5050,"urls":{"self":"https:\/\/www.ludwig-van.com\/montreal\/wp-json\/tribe\/events\/v1\/categories\/5050","collection":"https:\/\/www.ludwig-van.com\/montreal\/wp-json\/tribe\/events\/v1\/categories"}}],"tags":[],"venue":{"id":48058,"author":"1","status":"publish","date":"2017-09-26 20:24:49","date_utc":"2017-09-27 00:24:49","modified":"2017-09-26 20:24:49","modified_utc":"2017-09-27 00:24:49","url":"https:\/\/www.ludwig-van.com\/montreal\/lieu\/basilique-notre-dame\/","venue":"Basilique Notre-Dame","slug":"basilique-notre-dame","address":"110 Rue Notre-Dame Ouest","city":"Montr\u00e9al","country":"Canada","province":"Qu\u00e9bec","zip":"H2Y1T2","phone":"514-842-2925","website":"http:\/\/www.basiliquenotredame.ca\/","stateprovince":"Qu\u00e9bec","geo_lat":45.5044263,"geo_lng":-73.5559176,"json_ld":{"@type":"Place","name":"Basilique Notre-Dame","description":"","url":"https:\/\/www.ludwig-van.com\/montreal\/lieu\/basilique-notre-dame\/","address":{"@type":"PostalAddress","streetAddress":"110 Rue Notre-Dame Ouest","addressLocality":"Montr\u00e9al","addressRegion":"Qu\u00e9bec","postalCode":"H2Y1T2","addressCountry":"Canada"},"geo":{"@type":"GeoCoordinates","latitude":45.5044263,"longitude":-73.5559176},"telephone":"514-842-2925","sameAs":"http:\/\/www.basiliquenotredame.ca\/"},"show_map":true,"show_map_link":true,"global_id":"www.ludwig-van.com\/montreal?id=48058","global_id_lineage":["www.ludwig-van.com\/montreal?id=48058"]},"organizer":[{"id":48011,"author":"1","status":"publish","date":"2017-09-26 18:22:02","date_utc":"2017-09-26 22:22:02","modified":"2017-09-26 18:22:02","modified_utc":"2017-09-26 22:22:02","url":"https:\/\/www.ludwig-van.com\/montreal\/organisateur\/festival-bach-montreal\/","organizer":"Festival Bach Montr\u00e9al","slug":"festival-bach-montreal","phone":"514-989-9668","website":"http:\/\/www.festivalbachmontreal.com","email":"info@festivalbachmontreal.com","json_ld":{"@type":"Person","name":"Festival Bach Montr\u00e9al","description":"","url":"https:\/\/www.ludwig-van.com\/montreal\/organisateur\/festival-bach-montreal\/","telephone":"514-989-9668","email":"info&#64;&#102;e&#115;&#116;i&#118;&#97;lb&#97;&#99;h&#109;ontr&#101;al&#46;&#99;&#111;m","sameAs":"http:\/\/www.festivalbachmontreal.com"},"global_id":"www.ludwig-van.com\/montreal?id=48011","global_id_lineage":["www.ludwig-van.com\/montreal?id=48011"]}],"json_ld":{"@context":"http:\/\/schema.org","@type":"Event","name":"Festival Bach Montr\u00e9al | Pr\u00e9lude: Les Thomaner: h\u00e9ritiers du grand Bach","description":"&lt;p&gt;Plusieurs m\u00e9lomanes se souviendront du concert \u00e9lectrisant donn\u00e9 en 2013 par le Thomanerchor de Leipzig. Cette ann\u00e9e vous avez la chance d\u2019entendre de nouveau le fameux choeur de St-Thomas dans un programme captivant qui comprend non seulement des oeuvres sacr\u00e9es majeures de Bach et de Mendelssohn mais aussi des musiques exquises peut-\u00eatre moins connues de [&hellip;]&lt;\/p&gt;\\n","image":"https:\/\/www.ludwig-van.com\/montreal\/wp-content\/uploads\/sites\/3\/2017\/10\/Thomanerchor.jpg","url":"https:\/\/www.ludwig-van.com\/montreal\/event\/festival-bach-montreal-prelude-thomaner-heritiers-grand-bach\/","startDate":"2017-11-08T19:30:00-05:00","endDate":"2017-11-08T21:30:00-05:00","location":{"@type":"Place","name":"Basilique Notre-Dame","description":"","url":"https:\/\/www.ludwig-van.com\/montreal\/lieu\/basilique-notre-dame\/","address":{"@type":"PostalAddress","streetAddress":"110 Rue Notre-Dame Ouest","addressLocality":"Montr\u00e9al","addressRegion":"Qu\u00e9bec","postalCode":"H2Y1T2","addressCountry":"Canada"},"geo":{"@type":"GeoCoordinates","latitude":45.5044263,"longitude":-73.5559176},"telephone":"514-842-2925","sameAs":"http:\/\/www.basiliquenotredame.ca\/"},"organizer":{"@type":"Person","name":"Festival Bach Montr\u00e9al","description":"","url":"https:\/\/www.ludwig-van.com\/montreal\/organisateur\/festival-bach-montreal\/","telephone":"514-989-9668","email":"&#105;&#110;fo&#64;&#102;es&#116;i&#118;alba&#99;h&#109;on&#116;&#114;&#101;al.&#99;o&#109;","sameAs":"http:\/\/www.festivalbachmontreal.com"},"offers":{"@type":"Offer","price":"20","priceCurrency":"$","url":"https:\/\/www.ludwig-van.com\/montreal\/event\/festival-bach-montreal-prelude-thomaner-heritiers-grand-bach\/","category":"primary","availability":"inStock","validFrom":"1970-01-01T00:00:00+00:00"},"performer":"Organization"}}