{"id":48530,"global_id":"www.ludwig-van.com\/montreal?id=48530","global_id_lineage":["www.ludwig-van.com\/montreal?id=48530"],"author":"1","status":"publish","date":"2017-10-05 19:20:55","date_utc":"2017-10-05 23:20:55","modified":"2017-10-05 19:20:55","modified_utc":"2017-10-05 23:20:55","url":"https:\/\/www.ludwig-van.com\/montreal\/event\/universite-de-montreal-oum-concert-etoiles-montantes\/","rest_url":"https:\/\/www.ludwig-van.com\/montreal\/wp-json\/tribe\/events\/v1\/events\/48530","title":"Universit\u00e9 de Montr\u00e9al | OUM &#8211; Concert \u00ab\u00c9toiles montantes\u00bb","description":"<p><a href=\"http:\/\/www.musique.umontreal.ca\/ensembles\/ensembles_oum.html\" target=\"_blank\" rel=\"noopener\"><strong>L\u2019Orchestre de l\u2019Universit\u00e9 de Montr\u00e9al<\/strong><\/a>, sous la direction de Lori Antounian et Jeff Domoto, \u00e9tudiants au programme de doctorat en direction d\u2019orchestre<\/p>\n<p><strong>Au programme\u00a0:<\/strong><\/p>\n<p>Jos\u00e9 Evangelista \u2013 <em>Symphonie minute<br \/>\n<\/em>Cr\u00e9ations de Philippe B\u00e9land et d\u2019Eliazer Kramer, 2e et 3e Prix du Concours de composition 2017 de l\u2019OUM<br \/>\nJacques Ibert \u2013 <em>Concerto pour fl\u00fbte<\/em> (Soliste\u00a0: Pierre Mendola, 3e Prix du Concours de concerto 2017 de l\u2019OUM)<br \/>\nRobert Schumann \u2013 <em>Symphonie no 1 en sib majeur \u00ab Le Printemps \u00bb, op. 38\u00a0<\/em>(mvts 3 et 4)<br \/>\nRobert Schumann \u2013 <em>Symphonie no 3 en mib majeur \u00ab Rh\u00e9nane \u00bb, op. 97\u00a0<\/em>(mvt 1)<\/p>\n<p>Dans le cadre de la\u00a0<em>S\u00e9rie hommage \u00e0 Jos\u00e9 Evangelista<\/em>\u00a0pr\u00e9sent\u00e9e, en 2017-2018, par la Soci\u00e9t\u00e9 de musique contemporaine du Qu\u00e9bec (SMCQ), la Facult\u00e9 de musique se joint \u00e0 la f\u00eate pour c\u00e9l\u00e9brer une \u0153uvre de son professeur \u00e9m\u00e9rite.<\/p>\n<p>Ainsi, lors de ce concert, la\u00a0<em>Symphonie minute<\/em>\u00a0de Jos\u00e9 Evangelista (sur la photo) sera interpr\u00e9t\u00e9e par les musiciens de l\u2019OUM. Voici les propos du chef Jean-Fran\u00e7ois Rivest\u00a0\u00e0 l\u2019\u00e9gard de cette pi\u00e8ce : \u00ab La\u00a0<em>Symphonie minute<\/em>\u00a0d\u2019Evangelista s\u2019av\u00e8re \u00e0 tous points de vue une symphonie enti\u00e8re, en quatre mouvements, ne laissant au hasard aucun d\u00e9tail de forme ou de contenu. Mais elle ne dure en fait que 8 minutes\u2009! Id\u00e9e de g\u00e9nie, tour de force, pure merveille de miniaturisation dans la dimension sonore, aujourd\u2019hui la\u00a0<em>Symphonie minute<\/em>\u00a0est devenue un classique du r\u00e9pertoire jou\u00e9 partout dans le monde. \u00bb<\/p>","excerpt":"","slug":"universite-de-montreal-oum-concert-etoiles-montantes","image":{"url":"https:\/\/www.ludwig-van.com\/montreal\/wp-content\/uploads\/sites\/3\/2017\/10\/OrchestredelUniversitedeMontreal_Etoiles_montantes_4nov17.jpg","id":48531,"extension":"jpg","width":700,"height":466,"sizes":{"thumbnail":{"width":150,"height":150,"mime-type":"image\/jpeg","url":"https:\/\/www.ludwig-van.com\/montreal\/wp-content\/uploads\/sites\/3\/2017\/10\/OrchestredelUniversitedeMontreal_Etoiles_montantes_4nov17-150x150.jpg"},"medium":{"width":300,"height":200,"mime-type":"image\/jpeg","url":"https:\/\/www.ludwig-van.com\/montreal\/wp-content\/uploads\/sites\/3\/2017\/10\/OrchestredelUniversitedeMontreal_Etoiles_montantes_4nov17-300x200.jpg"}}},"all_day":false,"start_date":"2017-11-04 19:30:00","start_date_details":{"year":"2017","month":"11","day":"04","hour":"19","minutes":"30","seconds":"00"},"end_date":"2017-11-04 21:30:00","end_date_details":{"year":"2017","month":"11","day":"04","hour":"21","minutes":"30","seconds":"00"},"utc_start_date":"2017-11-04 23:30:00","utc_start_date_details":{"year":"2017","month":"11","day":"04","hour":"23","minutes":"30","seconds":"00"},"utc_end_date":"2017-11-05 01:30:00","utc_end_date_details":{"year":"2017","month":"11","day":"05","hour":"01","minutes":"30","seconds":"00"},"timezone":"America\/Toronto","timezone_abbr":"EDT","cost":"Gratuit","cost_details":{"currency_symbol":"$","currency_position":"suffix","values":["0"]},"website":"http:\/\/www.calendrier.umontreal.ca\/musique\/?com=detail&amp;eID=779659","show_map":true,"show_map_link":true,"hide_from_listings":false,"sticky":false,"featured":false,"categories":[{"name":"Contemporary Music","slug":"contemporary-music","term_group":0,"term_taxonomy_id":5368,"taxonomy":"tribe_events_cat","description":"","parent":0,"count":353,"filter":"raw","id":5327,"urls":{"self":"https:\/\/www.ludwig-van.com\/montreal\/wp-json\/tribe\/events\/v1\/categories\/5327","collection":"https:\/\/www.ludwig-van.com\/montreal\/wp-json\/tribe\/events\/v1\/categories"}},{"name":"Orchestra","slug":"orchestra-2","term_group":0,"term_taxonomy_id":5025,"taxonomy":"tribe_events_cat","description":"","parent":0,"count":744,"filter":"raw","id":6487,"urls":{"self":"https:\/\/www.ludwig-van.com\/montreal\/wp-json\/tribe\/events\/v1\/categories\/6487","collection":"https:\/\/www.ludwig-van.com\/montreal\/wp-json\/tribe\/events\/v1\/categories"}}],"tags":[],"venue":{"id":47448,"author":"1","status":"publish","date":"2017-09-17 21:33:20","date_utc":"2017-09-18 01:33:20","modified":"2017-09-17 21:33:20","modified_utc":"2017-09-18 01:33:20","url":"https:\/\/www.ludwig-van.com\/montreal\/lieu\/salle-claude-champagne\/","venue":"Salle Claude-Champagne","slug":"salle-claude-champagne","address":"220, avenue Vincent-d'Indy","city":"Montr\u00e9al","country":"Canada","province":"Qu\u00e9bec","zip":"H2V 2T2","phone":"514 343-6427","website":"http:\/\/www.calendrier.umontreal.ca\/musique\/?lID=539","stateprovince":"Qu\u00e9bec","geo_lat":45.5094594,"geo_lng":-73.6100599,"json_ld":{"@type":"Place","name":"Salle Claude-Champagne","description":"","url":"https:\/\/www.ludwig-van.com\/montreal\/lieu\/salle-claude-champagne\/","address":{"@type":"PostalAddress","streetAddress":"220, avenue Vincent-d&#039;Indy","addressLocality":"Montr\u00e9al","addressRegion":"Qu\u00e9bec","postalCode":"H2V 2T2","addressCountry":"Canada"},"geo":{"@type":"GeoCoordinates","latitude":45.5094594,"longitude":-73.6100599},"telephone":"514 343-6427","sameAs":"http:\/\/www.calendrier.umontreal.ca\/musique\/?lID=539"},"show_map":true,"show_map_link":true,"global_id":"www.ludwig-van.com\/montreal?id=47448","global_id_lineage":["www.ludwig-van.com\/montreal?id=47448"]},"organizer":[{"id":47449,"author":"1","status":"publish","date":"2017-09-17 21:33:21","date_utc":"2017-09-18 01:33:21","modified":"2017-09-17 21:33:21","modified_utc":"2017-09-18 01:33:21","url":"https:\/\/www.ludwig-van.com\/montreal\/organisateur\/faculte-de-musique-de-luniversite-de-montreal\/","organizer":"Facult\u00e9 de musique de l\u2019Universit\u00e9 de Montr\u00e9al","slug":"faculte-de-musique-de-luniversite-de-montreal","phone":"514 343-6427","website":"www.musique.umontreal.ca","email":"musique@umontreal.ca","json_ld":{"@type":"Person","name":"Facult\u00e9 de musique de l\u2019Universit\u00e9 de Montr\u00e9al","description":"","url":"https:\/\/www.ludwig-van.com\/montreal\/organisateur\/faculte-de-musique-de-luniversite-de-montreal\/","telephone":"514 343-6427","email":"&#109;&#117;si&#113;&#117;&#101;&#64;&#117;m&#111;nt&#114;&#101;a&#108;.&#99;&#97;","sameAs":"http:\/\/www.musique.umontreal.ca"},"global_id":"www.ludwig-van.com\/montreal?id=47449","global_id_lineage":["www.ludwig-van.com\/montreal?id=47449"]}],"json_ld":{"@context":"http:\/\/schema.org","@type":"Event","name":"Universit\u00e9 de Montr\u00e9al | OUM &#8211; Concert \u00ab\u00c9toiles montantes\u00bb","description":"&lt;p&gt;L\u2019Orchestre de l\u2019Universit\u00e9 de Montr\u00e9al, sous la direction de Lori Antounian et Jeff Domoto, \u00e9tudiants au programme de doctorat en direction d\u2019orchestre Au programme\u00a0: Jos\u00e9 Evangelista \u2013 Symphonie minute Cr\u00e9ations de Philippe B\u00e9land et d\u2019Eliazer Kramer, 2e et 3e Prix du Concours de composition 2017 de l\u2019OUM Jacques Ibert \u2013 Concerto pour fl\u00fbte (Soliste\u00a0: Pierre [&hellip;]&lt;\/p&gt;\\n","image":"https:\/\/www.ludwig-van.com\/montreal\/wp-content\/uploads\/sites\/3\/2017\/10\/OrchestredelUniversitedeMontreal_Etoiles_montantes_4nov17.jpg","url":"https:\/\/www.ludwig-van.com\/montreal\/event\/universite-de-montreal-oum-concert-etoiles-montantes\/","startDate":"2017-11-04T19:30:00-04:00","endDate":"2017-11-04T21:30:00-04:00","location":{"@type":"Place","name":"Salle Claude-Champagne","description":"","url":"https:\/\/www.ludwig-van.com\/montreal\/lieu\/salle-claude-champagne\/","address":{"@type":"PostalAddress","streetAddress":"220, avenue Vincent-d&#039;Indy","addressLocality":"Montr\u00e9al","addressRegion":"Qu\u00e9bec","postalCode":"H2V 2T2","addressCountry":"Canada"},"geo":{"@type":"GeoCoordinates","latitude":45.5094594,"longitude":-73.6100599},"telephone":"514 343-6427","sameAs":"http:\/\/www.calendrier.umontreal.ca\/musique\/?lID=539"},"organizer":{"@type":"Person","name":"Facult\u00e9 de musique de l\u2019Universit\u00e9 de Montr\u00e9al","description":"","url":"https:\/\/www.ludwig-van.com\/montreal\/organisateur\/faculte-de-musique-de-luniversite-de-montreal\/","telephone":"514 343-6427","email":"&#109;u&#115;iqu&#101;&#64;u&#109;on&#116;&#114;&#101;a&#108;&#46;ca","sameAs":"http:\/\/www.musique.umontreal.ca"},"offers":{"@type":"Offer","price":"0","priceCurrency":"$","url":"https:\/\/www.ludwig-van.com\/montreal\/event\/universite-de-montreal-oum-concert-etoiles-montantes\/","category":"primary","availability":"inStock","validFrom":"1970-01-01T00:00:00+00:00"},"performer":"Organization"}}